{"id":8291,"date":"2025-08-19T09:19:27","date_gmt":"2025-08-19T09:19:27","guid":{"rendered":"https:\/\/msuv.org\/?p=8291"},"modified":"2025-11-05T08:52:17","modified_gmt":"2025-11-05T08:52:17","slug":"vreme-jede-pogled","status":"publish","type":"post","link":"https:\/\/msuv.org\/en\/vreme-jede-pogled\/","title":{"rendered":"Vreme jede pogled"},"content":{"rendered":"<div data-elementor-type=\"wp-post\" data-elementor-id=\"8291\" class=\"elementor elementor-8291\" data-elementor-post-type=\"post\">\n\t\t\t\t<div class=\"elementor-element elementor-element-349066b3 e-con-full e-flex e-con e-parent\" data-id=\"349066b3\" data-element_type=\"container\" data-e-type=\"container\">\n\t\t<div class=\"elementor-element elementor-element-6949b223 e-con-full e-flex e-con e-child\" data-id=\"6949b223\" data-element_type=\"container\" data-e-type=\"container\">\n\t\t\t\t<div class=\"elementor-element elementor-element-e872f95 elementor-widget elementor-widget-text-editor\" data-id=\"e872f95\" data-element_type=\"widget\" data-e-type=\"widget\" data-widget_type=\"text-editor.default\">\n\t\t\t\t<div class=\"elementor-widget-container\">\n\t\t\t\t\t\t\t\t\t<p>Opening time<\/p>\t\t\t\t\t\t\t\t<\/div>\n\t\t\t\t<\/div>\n\t\t\t\t<div class=\"elementor-element elementor-element-f2d005 elementor-widget elementor-widget-heading\" data-id=\"f2d005\" data-element_type=\"widget\" data-e-type=\"widget\" data-widget_type=\"heading.default\">\n\t\t\t\t<div class=\"elementor-widget-container\">\n\t\t\t\t\t<h2 class=\"elementor-heading-title elementor-size-default\">06<\/h2>\t\t\t\t<\/div>\n\t\t\t\t<\/div>\n\t\t\t\t<div class=\"elementor-element elementor-element-5dce5e1c elementor-widget elementor-widget-text-editor\" data-id=\"5dce5e1c\" data-element_type=\"widget\" data-e-type=\"widget\" data-widget_type=\"text-editor.default\">\n\t\t\t\t<div class=\"elementor-widget-container\">\n\t\t\t\t\t\t\t\t\t<p>September 2025.\u00a0\u00a0<\/p>\t\t\t\t\t\t\t\t<\/div>\n\t\t\t\t<\/div>\n\t\t\t\t<\/div>\n\t\t<div class=\"elementor-element elementor-element-5901b0ab e-con-full e-flex e-con e-child\" data-id=\"5901b0ab\" data-element_type=\"container\" data-e-type=\"container\">\n\t\t\t\t<div class=\"elementor-element elementor-element-56adc662 elementor-widget elementor-widget-heading\" data-id=\"56adc662\" data-element_type=\"widget\" data-e-type=\"widget\" data-widget_type=\"heading.default\">\n\t\t\t\t<div class=\"elementor-widget-container\">\n\t\t\t\t\t<h2 class=\"elementor-heading-title elementor-size-default\">Time Consumes All Views \u2013 A Selection from the Painting Collection of the Museum of Contemporary Art of Vojvodina<\/h2>\t\t\t\t<\/div>\n\t\t\t\t<\/div>\n\t\t\t\t<div class=\"elementor-element elementor-element-2581a36b elementor-widget elementor-widget-text-editor\" data-id=\"2581a36b\" data-element_type=\"widget\" data-e-type=\"widget\" data-widget_type=\"text-editor.default\">\n\t\t\t\t<div class=\"elementor-widget-container\">\n\t\t\t\t\t\t\t\t\t<div class=\"et_pb_module et_pb_text et_pb_text_2 et_pb_text_align_left et_pb_bg_layout_light\"><div class=\"et_pb_text_inner\"><div class=\"et_pb_module et_pb_text et_pb_text_2 et_pb_text_align_left et_pb_bg_layout_light\"><div class=\"et_pb_text_inner\"><p>Museum of Contemporary Art Vojvodina, Dunavska 37, Novi Sad<\/p><p><strong>Date of the exhibition: <\/strong>06\/09\/2025\u201331\/10\/2025.<\/p><\/div><\/div><div class=\"et_pb_module et_pb_text et_pb_text_3 et_pb_text_align_left et_pb_bg_layout_light\"><div class=\"et_pb_text_inner\"><p><b>Curator<\/b>: Jovana Trifuljesko<\/p><p><strong>Accompanying Program:<\/strong><\/p><p>Kustosko vo\u0111enje kroz izlo\u017ebu\u00a0 &#8211; \u010detvrtak, 16. oktobar u 18h<\/p><p>Konzervatorski sat: utorkom 12 &#8211; 17h (9.9. 16.9. 30.9.\u00a0 14.10.\u00a0 21.10.)<br \/>Konzervatorski sat na ruskom jeziku: 18.9. 17h<br \/>Konzervatorsko vo\u0111enje kroz izlo\u017ebu &#8211; utorak, 28.10. u 18h<\/p><p>Klub knjige &#8211; \u010detvrtak, 23. oktobar u 18h ( <a href=\"https:\/\/forms.gle\/428SZtPMKpbESQ498\"><span style=\"text-decoration: underline;\">Formular za prijave<\/span><\/a>)<\/p><p>Radionice za decu: 26.9. u 17h <br \/>Petak 24. oktobar u 17h(<a href=\"https:\/\/forms.gle\/E8t1hi2aGTKcezpL7\"><span style=\"text-decoration: underline;\">Formular za prijave<\/span><\/a>)<\/p><\/div><\/div><\/div><\/div>\t\t\t\t\t\t\t\t<\/div>\n\t\t\t\t<\/div>\n\t\t\t\t<\/div>\n\t\t\t\t<\/div>\n\t\t<div class=\"elementor-element elementor-element-59935f41 e-con-full e-flex e-con e-parent\" data-id=\"59935f41\" data-element_type=\"container\" data-e-type=\"container\">\n\t\t<div class=\"elementor-element elementor-element-3c159c6f e-con-full e-flex e-con e-child\" data-id=\"3c159c6f\" data-element_type=\"container\" data-e-type=\"container\">\n\t\t\t\t<div class=\"elementor-element elementor-element-7a46cea1 elementor-widget elementor-widget-text-editor\" data-id=\"7a46cea1\" data-element_type=\"widget\" data-e-type=\"widget\" data-widget_type=\"text-editor.default\">\n\t\t\t\t<div class=\"elementor-widget-container\">\n\t\t\t\t\t\t\t\t\t<p>The exhibition \u201eTime Consumes All Views \u2013 A Selection from the Painting Collection of the Museum of Contemporary Art of Vojvodina\" features over one hundred works dating from the 1940s to the present day. Spatially conceived as a kind of storage or depot, the exhibition primarily showcases works by artists from Vojvodina, created in a variety of media, styles and techniques, ranging from oil on canvas to painterly objects. The exhibition traces and presents the developments within the collection, with the most represented works coming from the 1960s, 70s, and 80s, while also including pieces from the 1990s and early 2000s.<\/p><p>\u00a0<\/p><p>The title of the exhibition alludes to the communication between the past and the present. \"Time Consumes All Views\" illustratively represents the interconnectedness of the terms past, present, and future, which are inseparable from museum collections that encapsulate the multi-temporal dimension of preserving the past and the present for the future. Each time that the works from the collection are presented to the public, the historical circumstances, social structures, and artistic tastes of that moment color the interpretation of the pieces, so that, colloquially speaking, the \"view\" of the previous moment is \"consumed.\" Keeping this in mind, the modern and contemporary art presented in the collection has the purpose of strengthening the viewer's sense of the present as a time of observation, thus placing the emphasis in the title on the word view. By revitalizing museum processes through conservation and various programs, as well as the labyrinthine structure of the display that predisposes the movement of visitors, the exhibition encourages active viewing as a practice and it draws on Walter Benjamin's proposition about the image of the past, which threatens to disappear with every present that fails to recognize itself within it.<\/p>\t\t\t\t\t\t\t\t<\/div>\n\t\t\t\t<\/div>\n\t\t\t\t<\/div>\n\t\t<div class=\"elementor-element elementor-element-2d56ac81 e-con-full e-flex e-con e-child\" data-id=\"2d56ac81\" data-element_type=\"container\" data-e-type=\"container\">\n\t\t\t\t<div class=\"elementor-element elementor-element-297fc88b elementor-widget elementor-widget-image\" data-id=\"297fc88b\" data-element_type=\"widget\" data-e-type=\"widget\" data-widget_type=\"image.default\">\n\t\t\t\t<div class=\"elementor-widget-container\">\n\t\t\t\t\t\t\t\t\t\t\t\t\t\t\t<img fetchpriority=\"high\" decoding=\"async\" width=\"1477\" height=\"2176\" src=\"https:\/\/msuv.org\/wp-content\/uploads\/2025\/08\/ABS-Pikture-2009.jpg\" class=\"attachment-full size-full wp-image-8312\" alt=\"\" srcset=\"https:\/\/msuv.org\/wp-content\/uploads\/2025\/08\/ABS-Pikture-2009.jpg 1477w, https:\/\/msuv.org\/wp-content\/uploads\/2025\/08\/ABS-Pikture-2009-204x300.jpg 204w, https:\/\/msuv.org\/wp-content\/uploads\/2025\/08\/ABS-Pikture-2009-695x1024.jpg 695w, https:\/\/msuv.org\/wp-content\/uploads\/2025\/08\/ABS-Pikture-2009-768x1131.jpg 768w, https:\/\/msuv.org\/wp-content\/uploads\/2025\/08\/ABS-Pikture-2009-1043x1536.jpg 1043w, https:\/\/msuv.org\/wp-content\/uploads\/2025\/08\/ABS-Pikture-2009-1390x2048.jpg 1390w, https:\/\/msuv.org\/wp-content\/uploads\/2025\/08\/ABS-Pikture-2009-8x12.jpg 8w\" sizes=\"(max-width: 1477px) 100vw, 1477px\" \/>\t\t\t\t\t\t\t\t\t\t\t\t\t\t\t<\/div>\n\t\t\t\t<\/div>\n\t\t\t\t<div class=\"elementor-element elementor-element-3832469d elementor-widget elementor-widget-text-editor\" data-id=\"3832469d\" data-element_type=\"widget\" data-e-type=\"widget\" data-widget_type=\"text-editor.default\">\n\t\t\t\t<div class=\"elementor-widget-container\">\n\t\t\t\t\t\t\t\t\t<p>ABS, Pikture, 2009 Foto: MSUV arhiva<\/p>\t\t\t\t\t\t\t\t<\/div>\n\t\t\t\t<\/div>\n\t\t\t\t<\/div>\n\t\t\t\t<\/div>\n\t\t<div class=\"elementor-element elementor-element-65071818 e-con-full e-flex e-con e-parent\" data-id=\"65071818\" data-element_type=\"container\" data-e-type=\"container\">\n\t\t\t\t<div class=\"elementor-element elementor-element-b5485b8 elementor-widget elementor-widget-text-editor\" data-id=\"b5485b8\" data-element_type=\"widget\" data-e-type=\"widget\" data-widget_type=\"text-editor.default\">\n\t\t\t\t<div class=\"elementor-widget-container\">\n\t\t\t\t\t\t\t\t\t<p>The exhibition is not intended to provide an absolute chronological overview of Vojvodina's painting within the collection. In addition to the paintings, it also features posters of previous exhibitions at the Museum of Contemporary Art of Vojvodina, as well as various museum procedures necessary for research, preservation, and display of its works. In the absence of a permanent display, this exhibition represents a starting point for exploring the museum's collection, a process of dialogue with the public and recognition. For this reason, its architecture follows a de-hierarchized form of a depot.<\/p>\t\t\t\t\t\t\t\t<\/div>\n\t\t\t\t<\/div>\n\t\t\t\t<\/div>\n\t\t<div class=\"elementor-element elementor-element-73a268b2 e-con-full e-flex e-con e-parent\" data-id=\"73a268b2\" data-element_type=\"container\" data-e-type=\"container\">\n\t\t\t\t<div class=\"elementor-element elementor-element-28044ab9 elementor-widget elementor-widget-gallery\" data-id=\"28044ab9\" data-element_type=\"widget\" data-e-type=\"widget\" data-settings=\"{&quot;overlay_title&quot;:&quot;caption&quot;,&quot;overlay_description&quot;:&quot;title&quot;,&quot;columns_tablet&quot;:4,&quot;gallery_layout&quot;:&quot;masonry&quot;,&quot;lazyload&quot;:&quot;yes&quot;,&quot;columns&quot;:4,&quot;columns_mobile&quot;:1,&quot;gap&quot;:{&quot;unit&quot;:&quot;px&quot;,&quot;size&quot;:10,&quot;sizes&quot;:[]},&quot;gap_widescreen&quot;:{&quot;unit&quot;:&quot;px&quot;,&quot;size&quot;:&quot;&quot;,&quot;sizes&quot;:[]},&quot;gap_laptop&quot;:{&quot;unit&quot;:&quot;px&quot;,&quot;size&quot;:10,&quot;sizes&quot;:[]},&quot;gap_tablet&quot;:{&quot;unit&quot;:&quot;px&quot;,&quot;size&quot;:10,&quot;sizes&quot;:[]},&quot;gap_mobile&quot;:{&quot;unit&quot;:&quot;px&quot;,&quot;size&quot;:10,&quot;sizes&quot;:[]},&quot;link_to&quot;:&quot;file&quot;,&quot;overlay_background&quot;:&quot;yes&quot;,&quot;content_hover_animation&quot;:&quot;fade-in&quot;}\" data-widget_type=\"gallery.default\">\n\t\t\t\t<div class=\"elementor-widget-container\">\n\t\t\t\t\t\t\t<div class=\"elementor-gallery__container\">\n\t\t\t\t\t\t\t<a class=\"e-gallery-item elementor-gallery-item elementor-animated-content\" href=\"https:\/\/msuv.org\/wp-content\/uploads\/2025\/08\/1345.jpg\" data-elementor-open-lightbox=\"yes\" data-elementor-lightbox-slideshow=\"28044ab9\" data-elementor-lightbox-title=\"Jo\u017eef A\u010d, Oranica i nebo, 1983.\" data-e-action-hash=\"#elementor-action%3Aaction%3Dlightbox%26settings%3DeyJpZCI6ODMyNSwidXJsIjoiaHR0cHM6XC9cL21zdXYub3JnXC93cC1jb250ZW50XC91cGxvYWRzXC8yMDI1XC8wOFwvMTM0NS5qcGciLCJzbGlkZXNob3ciOiIyODA0NGFiOSJ9\">\n\t\t\t\t\t<div class=\"e-gallery-image elementor-gallery-item__image\" data-thumbnail=\"https:\/\/msuv.org\/wp-content\/uploads\/2025\/08\/1345-300x239.jpg\" data-width=\"300\" data-height=\"239\" aria-label=\"\" role=\"img\" ><\/div>\n\t\t\t\t\t\t\t\t\t\t\t<div class=\"elementor-gallery-item__overlay\"><\/div>\n\t\t\t\t\t\t\t\t\t\t\t\t\t\t\t<div class=\"elementor-gallery-item__content\">\n\t\t\t\t\t\t\t\t\t\t\t\t\t\t<div class=\"elementor-gallery-item__title\">\n\t\t\t\t\t\t\t\t\t\t\t\t\t\t\t\t\t\tJo\u017eef A\u010d, Oranica i nebo, 1983.\t\t\t\t\t\t\t\t<\/div>\n\t\t\t\t\t\t\t\t\t\t\t\t\t\t\t<div class=\"elementor-gallery-item__description\">\n\t\t\t\t\t\t\t\t\t\t\t\t\t\t\t\t\t\tJo\u017eef A\u010d, Oranica i nebo, 1983.\t\t\t\t\t\t\t\t<\/div>\n\t\t\t\t\t\t\t\t\t\t\t\t<\/div>\n\t\t\t\t\t\t\t\t\t<\/a>\n\t\t\t\t\t\t\t<a class=\"e-gallery-item elementor-gallery-item elementor-animated-content\" href=\"https:\/\/msuv.org\/wp-content\/uploads\/2025\/08\/Karlavaris-Diskont.jpg\" data-elementor-open-lightbox=\"yes\" data-elementor-lightbox-slideshow=\"28044ab9\" data-elementor-lightbox-title=\"Bogomil Karlavaris, Diskont, 1997.\" data-e-action-hash=\"#elementor-action%3Aaction%3Dlightbox%26settings%3DeyJpZCI6ODMyNCwidXJsIjoiaHR0cHM6XC9cL21zdXYub3JnXC93cC1jb250ZW50XC91cGxvYWRzXC8yMDI1XC8wOFwvS2FybGF2YXJpcy1EaXNrb250LmpwZyIsInNsaWRlc2hvdyI6IjI4MDQ0YWI5In0%3D\">\n\t\t\t\t\t<div class=\"e-gallery-image elementor-gallery-item__image\" data-thumbnail=\"https:\/\/msuv.org\/wp-content\/uploads\/2025\/08\/Karlavaris-Diskont-210x300.jpg\" data-width=\"210\" data-height=\"300\" aria-label=\"\" role=\"img\" ><\/div>\n\t\t\t\t\t\t\t\t\t\t\t<div class=\"elementor-gallery-item__overlay\"><\/div>\n\t\t\t\t\t\t\t\t\t\t\t\t\t\t\t<div class=\"elementor-gallery-item__content\">\n\t\t\t\t\t\t\t\t\t\t\t\t\t\t<div class=\"elementor-gallery-item__title\">\n\t\t\t\t\t\t\t\t\t\t\t\t\t\t\t\t\t\tBogomil Karlavaris, Diskont, 1997.\t\t\t\t\t\t\t\t<\/div>\n\t\t\t\t\t\t\t\t\t\t\t\t\t\t\t<div class=\"elementor-gallery-item__description\">\n\t\t\t\t\t\t\t\t\t\t\t\t\t\t\t\t\t\tBogomil Karlavaris, Diskont, 1997.\t\t\t\t\t\t\t\t<\/div>\n\t\t\t\t\t\t\t\t\t\t\t\t<\/div>\n\t\t\t\t\t\t\t\t\t<\/a>\n\t\t\t\t\t\t\t<a class=\"e-gallery-item elementor-gallery-item elementor-animated-content\" href=\"https:\/\/msuv.org\/wp-content\/uploads\/2025\/08\/Vlado-Martek-Pazi-ostar-kartograf-2005.-akrilik-na-platnu-115x90cm.jpg\" data-elementor-open-lightbox=\"yes\" data-elementor-lightbox-slideshow=\"28044ab9\" data-elementor-lightbox-title=\"Vlado Martek, Pazi o\u0161tar kartograf, 2005.\" data-e-action-hash=\"#elementor-action%3Aaction%3Dlightbox%26settings%3DeyJpZCI6ODMyMywidXJsIjoiaHR0cHM6XC9cL21zdXYub3JnXC93cC1jb250ZW50XC91cGxvYWRzXC8yMDI1XC8wOFwvVmxhZG8tTWFydGVrLVBhemktb3N0YXIta2FydG9ncmFmLTIwMDUuLWFrcmlsaWstbmEtcGxhdG51LTExNXg5MGNtLmpwZyIsInNsaWRlc2hvdyI6IjI4MDQ0YWI5In0%3D\">\n\t\t\t\t\t<div class=\"e-gallery-image elementor-gallery-item__image\" data-thumbnail=\"https:\/\/msuv.org\/wp-content\/uploads\/2025\/08\/Vlado-Martek-Pazi-ostar-kartograf-2005.-akrilik-na-platnu-115x90cm-227x300.jpg\" data-width=\"227\" data-height=\"300\" aria-label=\"\" role=\"img\" ><\/div>\n\t\t\t\t\t\t\t\t\t\t\t<div class=\"elementor-gallery-item__overlay\"><\/div>\n\t\t\t\t\t\t\t\t\t\t\t\t\t\t\t<div class=\"elementor-gallery-item__content\">\n\t\t\t\t\t\t\t\t\t\t\t\t\t\t<div class=\"elementor-gallery-item__title\">\n\t\t\t\t\t\t\t\t\t\t\t\t\t\t\t\t\t\tVlado Martek, Pazi o\u0161tar kartograf, 2005.\t\t\t\t\t\t\t\t<\/div>\n\t\t\t\t\t\t\t\t\t\t\t\t\t\t\t<div class=\"elementor-gallery-item__description\">\n\t\t\t\t\t\t\t\t\t\t\t\t\t\t\t\t\t\tVlado Martek, Pazi o\u0161tar kartograf, 2005.\t\t\t\t\t\t\t\t<\/div>\n\t\t\t\t\t\t\t\t\t\t\t\t<\/div>\n\t\t\t\t\t\t\t\t\t<\/a>\n\t\t\t\t\t\t\t<a class=\"e-gallery-item elementor-gallery-item elementor-animated-content\" href=\"https:\/\/msuv.org\/wp-content\/uploads\/2025\/08\/Rakic-Raspece-scaled.jpg\" data-elementor-open-lightbox=\"yes\" data-elementor-lightbox-slideshow=\"28044ab9\" data-elementor-lightbox-title=\"Dragan Rakic, Ciklus Kru\u017eno-kvadratno raspe\u0107e, 1990-1991.\" data-e-action-hash=\"#elementor-action%3Aaction%3Dlightbox%26settings%3DeyJpZCI6ODMyMiwidXJsIjoiaHR0cHM6XC9cL21zdXYub3JnXC93cC1jb250ZW50XC91cGxvYWRzXC8yMDI1XC8wOFwvUmFraWMtUmFzcGVjZS1zY2FsZWQuanBnIiwic2xpZGVzaG93IjoiMjgwNDRhYjkifQ%3D%3D\">\n\t\t\t\t\t<div class=\"e-gallery-image elementor-gallery-item__image\" data-thumbnail=\"https:\/\/msuv.org\/wp-content\/uploads\/2025\/08\/Rakic-Raspece-300x300.jpg\" data-width=\"300\" data-height=\"300\" aria-label=\"\" role=\"img\" ><\/div>\n\t\t\t\t\t\t\t\t\t\t\t<div class=\"elementor-gallery-item__overlay\"><\/div>\n\t\t\t\t\t\t\t\t\t\t\t\t\t\t\t<div class=\"elementor-gallery-item__content\">\n\t\t\t\t\t\t\t\t\t\t\t\t\t\t<div class=\"elementor-gallery-item__title\">\n\t\t\t\t\t\t\t\t\t\t\t\t\t\t\t\t\t\tDragan Rakic, Ciklus Kru\u017eno-kvadratno raspe\u0107e, 1990-1991.\t\t\t\t\t\t\t\t<\/div>\n\t\t\t\t\t\t\t\t\t\t\t\t\t\t\t<div class=\"elementor-gallery-item__description\">\n\t\t\t\t\t\t\t\t\t\t\t\t\t\t\t\t\t\tDragan Rakic, Ciklus Kru\u017eno-kvadratno raspe\u0107e, 1990-1991.\t\t\t\t\t\t\t\t<\/div>\n\t\t\t\t\t\t\t\t\t\t\t\t<\/div>\n\t\t\t\t\t\t\t\t\t<\/a>\n\t\t\t\t\t<\/div>\n\t\t\t\t\t<\/div>\n\t\t\t\t<\/div>\n\t\t\t\t<\/div>\n\t\t\t\t<\/div>","protected":false},"excerpt":{"rendered":"<p>Izbor iz zbirke slikarstva Muzeja savremene umetnosti Vojvodine, izlo\u017eba prostorno koncipirana u vidu depoa, obuhvata preko stotinu radova koji datiraju od \u010detrdesetih godina pro\u0161log veka do danas.<\/p>","protected":false},"author":11,"featured_media":8293,"comment_status":"closed","ping_status":"closed","sticky":false,"template":"","format":"standard","meta":{"footnotes":""},"categories":[15],"tags":[],"class_list":["post-8291","post","type-post","status-publish","format-standard","has-post-thumbnail","hentry","category-arhiva"],"yoast_head":"<!-- This site is optimized with the Yoast SEO plugin v27.4 - https:\/\/yoast.com\/product\/yoast-seo-wordpress\/ -->\n<title>Vreme jede pogled - Muzej savremene umetnosti Vojvodine<\/title>\n<meta name=\"robots\" content=\"index, follow, max-snippet:-1, max-image-preview:large, max-video-preview:-1\" \/>\n<link rel=\"canonical\" href=\"https:\/\/msuv.org\/en\/vreme-jede-pogled\/\" \/>\n<meta property=\"og:locale\" content=\"en_US\" \/>\n<meta property=\"og:type\" content=\"article\" \/>\n<meta property=\"og:title\" content=\"Vreme jede pogled - Muzej savremene umetnosti Vojvodine\" \/>\n<meta property=\"og:description\" content=\"Izbor iz zbirke slikarstva Muzeja savremene umetnosti Vojvodine, izlo\u017eba prostorno koncipirana u vidu depoa, obuhvata preko stotinu radova koji datiraju od \u010detrdesetih godina pro\u0161log veka do danas.\" \/>\n<meta property=\"og:url\" content=\"https:\/\/msuv.org\/en\/vreme-jede-pogled\/\" \/>\n<meta property=\"og:site_name\" content=\"Muzej savremene umetnosti Vojvodine\" \/>\n<meta property=\"article:published_time\" content=\"2025-08-19T09:19:27+00:00\" \/>\n<meta property=\"article:modified_time\" content=\"2025-11-05T08:52:17+00:00\" \/>\n<meta property=\"og:image\" content=\"https:\/\/msuv.org\/wp-content\/uploads\/2025\/08\/Index_1920x1080_VJP-scaled.jpg\" \/>\n\t<meta property=\"og:image:width\" content=\"2560\" \/>\n\t<meta property=\"og:image:height\" content=\"1440\" \/>\n\t<meta property=\"og:image:type\" content=\"image\/jpeg\" \/>\n<meta name=\"author\" content=\"PR\" \/>\n<meta name=\"twitter:card\" content=\"summary_large_image\" \/>\n<meta name=\"twitter:label1\" content=\"Written by\" \/>\n\t<meta name=\"twitter:data1\" content=\"PR\" \/>\n\t<meta name=\"twitter:label2\" content=\"Est. reading time\" \/>\n\t<meta name=\"twitter:data2\" content=\"3 minutes\" \/>\n<script type=\"application\/ld+json\" class=\"yoast-schema-graph\">{\"@context\":\"https:\\\/\\\/schema.org\",\"@graph\":[{\"@type\":\"Article\",\"@id\":\"https:\\\/\\\/msuv.org\\\/vreme-jede-pogled\\\/#article\",\"isPartOf\":{\"@id\":\"https:\\\/\\\/msuv.org\\\/vreme-jede-pogled\\\/\"},\"author\":{\"name\":\"PR\",\"@id\":\"https:\\\/\\\/msuv.org\\\/#\\\/schema\\\/person\\\/dc0040e5a91777865ee32d8e23108ff1\"},\"headline\":\"Vreme jede pogled\",\"datePublished\":\"2025-08-19T09:19:27+00:00\",\"dateModified\":\"2025-11-05T08:52:17+00:00\",\"mainEntityOfPage\":{\"@id\":\"https:\\\/\\\/msuv.org\\\/vreme-jede-pogled\\\/\"},\"wordCount\":466,\"publisher\":{\"@id\":\"https:\\\/\\\/msuv.org\\\/#organization\"},\"image\":{\"@id\":\"https:\\\/\\\/msuv.org\\\/vreme-jede-pogled\\\/#primaryimage\"},\"thumbnailUrl\":\"https:\\\/\\\/msuv.org\\\/wp-content\\\/uploads\\\/2025\\\/08\\\/Index_1920x1080_VJP-scaled.jpg\",\"articleSection\":[\"Arhiva\"],\"inLanguage\":\"en-US\"},{\"@type\":\"WebPage\",\"@id\":\"https:\\\/\\\/msuv.org\\\/vreme-jede-pogled\\\/\",\"url\":\"https:\\\/\\\/msuv.org\\\/vreme-jede-pogled\\\/\",\"name\":\"Vreme jede pogled - Muzej savremene umetnosti Vojvodine\",\"isPartOf\":{\"@id\":\"https:\\\/\\\/msuv.org\\\/#website\"},\"primaryImageOfPage\":{\"@id\":\"https:\\\/\\\/msuv.org\\\/vreme-jede-pogled\\\/#primaryimage\"},\"image\":{\"@id\":\"https:\\\/\\\/msuv.org\\\/vreme-jede-pogled\\\/#primaryimage\"},\"thumbnailUrl\":\"https:\\\/\\\/msuv.org\\\/wp-content\\\/uploads\\\/2025\\\/08\\\/Index_1920x1080_VJP-scaled.jpg\",\"datePublished\":\"2025-08-19T09:19:27+00:00\",\"dateModified\":\"2025-11-05T08:52:17+00:00\",\"breadcrumb\":{\"@id\":\"https:\\\/\\\/msuv.org\\\/vreme-jede-pogled\\\/#breadcrumb\"},\"inLanguage\":\"en-US\",\"potentialAction\":[{\"@type\":\"ReadAction\",\"target\":[\"https:\\\/\\\/msuv.org\\\/vreme-jede-pogled\\\/\"]}]},{\"@type\":\"ImageObject\",\"inLanguage\":\"en-US\",\"@id\":\"https:\\\/\\\/msuv.org\\\/vreme-jede-pogled\\\/#primaryimage\",\"url\":\"https:\\\/\\\/msuv.org\\\/wp-content\\\/uploads\\\/2025\\\/08\\\/Index_1920x1080_VJP-scaled.jpg\",\"contentUrl\":\"https:\\\/\\\/msuv.org\\\/wp-content\\\/uploads\\\/2025\\\/08\\\/Index_1920x1080_VJP-scaled.jpg\",\"width\":2560,\"height\":1440},{\"@type\":\"BreadcrumbList\",\"@id\":\"https:\\\/\\\/msuv.org\\\/vreme-jede-pogled\\\/#breadcrumb\",\"itemListElement\":[{\"@type\":\"ListItem\",\"position\":1,\"name\":\"Home\",\"item\":\"https:\\\/\\\/msuv.org\\\/\"},{\"@type\":\"ListItem\",\"position\":2,\"name\":\"Vreme jede pogled\"}]},{\"@type\":\"WebSite\",\"@id\":\"https:\\\/\\\/msuv.org\\\/#website\",\"url\":\"https:\\\/\\\/msuv.org\\\/\",\"name\":\"Muzej savremene umetnosti Vojvodine\",\"description\":\"\",\"publisher\":{\"@id\":\"https:\\\/\\\/msuv.org\\\/#organization\"},\"potentialAction\":[{\"@type\":\"SearchAction\",\"target\":{\"@type\":\"EntryPoint\",\"urlTemplate\":\"https:\\\/\\\/msuv.org\\\/?s={search_term_string}\"},\"query-input\":{\"@type\":\"PropertyValueSpecification\",\"valueRequired\":true,\"valueName\":\"search_term_string\"}}],\"inLanguage\":\"en-US\"},{\"@type\":\"Organization\",\"@id\":\"https:\\\/\\\/msuv.org\\\/#organization\",\"name\":\"Muzej savremene umetnosti Vojvodine\",\"url\":\"https:\\\/\\\/msuv.org\\\/\",\"logo\":{\"@type\":\"ImageObject\",\"inLanguage\":\"en-US\",\"@id\":\"https:\\\/\\\/msuv.org\\\/#\\\/schema\\\/logo\\\/image\\\/\",\"url\":\"https:\\\/\\\/msuv.org\\\/wp-content\\\/uploads\\\/2023\\\/11\\\/srpski-logo.png\",\"contentUrl\":\"https:\\\/\\\/msuv.org\\\/wp-content\\\/uploads\\\/2023\\\/11\\\/srpski-logo.png\",\"width\":872,\"height\":117,\"caption\":\"Muzej savremene umetnosti Vojvodine\"},\"image\":{\"@id\":\"https:\\\/\\\/msuv.org\\\/#\\\/schema\\\/logo\\\/image\\\/\"}},{\"@type\":\"Person\",\"@id\":\"https:\\\/\\\/msuv.org\\\/#\\\/schema\\\/person\\\/dc0040e5a91777865ee32d8e23108ff1\",\"name\":\"PR\",\"image\":{\"@type\":\"ImageObject\",\"inLanguage\":\"en-US\",\"@id\":\"https:\\\/\\\/secure.gravatar.com\\\/avatar\\\/09bc7ce461a53c8581c2b174cd8d592dcf3c8d935e7f8c25b810edb55ff497e7?s=96&d=mm&r=g\",\"url\":\"https:\\\/\\\/secure.gravatar.com\\\/avatar\\\/09bc7ce461a53c8581c2b174cd8d592dcf3c8d935e7f8c25b810edb55ff497e7?s=96&d=mm&r=g\",\"contentUrl\":\"https:\\\/\\\/secure.gravatar.com\\\/avatar\\\/09bc7ce461a53c8581c2b174cd8d592dcf3c8d935e7f8c25b810edb55ff497e7?s=96&d=mm&r=g\",\"caption\":\"PR\"},\"url\":\"https:\\\/\\\/msuv.org\\\/en\\\/author\\\/pr\\\/\"}]}<\/script>\n<!-- \/ Yoast SEO plugin. -->","yoast_head_json":{"title":"Vreme jede pogled - Muzej savremene umetnosti Vojvodine","robots":{"index":"index","follow":"follow","max-snippet":"max-snippet:-1","max-image-preview":"max-image-preview:large","max-video-preview":"max-video-preview:-1"},"canonical":"https:\/\/msuv.org\/en\/vreme-jede-pogled\/","og_locale":"en_US","og_type":"article","og_title":"Vreme jede pogled - Muzej savremene umetnosti Vojvodine","og_description":"Izbor iz zbirke slikarstva Muzeja savremene umetnosti Vojvodine, izlo\u017eba prostorno koncipirana u vidu depoa, obuhvata preko stotinu radova koji datiraju od \u010detrdesetih godina pro\u0161log veka do danas.","og_url":"https:\/\/msuv.org\/en\/vreme-jede-pogled\/","og_site_name":"Muzej savremene umetnosti Vojvodine","article_published_time":"2025-08-19T09:19:27+00:00","article_modified_time":"2025-11-05T08:52:17+00:00","og_image":[{"width":2560,"height":1440,"url":"https:\/\/msuv.org\/wp-content\/uploads\/2025\/08\/Index_1920x1080_VJP-scaled.jpg","type":"image\/jpeg"}],"author":"PR","twitter_card":"summary_large_image","twitter_misc":{"Written by":"PR","Est. reading time":"3 minutes"},"schema":{"@context":"https:\/\/schema.org","@graph":[{"@type":"Article","@id":"https:\/\/msuv.org\/vreme-jede-pogled\/#article","isPartOf":{"@id":"https:\/\/msuv.org\/vreme-jede-pogled\/"},"author":{"name":"PR","@id":"https:\/\/msuv.org\/#\/schema\/person\/dc0040e5a91777865ee32d8e23108ff1"},"headline":"Vreme jede pogled","datePublished":"2025-08-19T09:19:27+00:00","dateModified":"2025-11-05T08:52:17+00:00","mainEntityOfPage":{"@id":"https:\/\/msuv.org\/vreme-jede-pogled\/"},"wordCount":466,"publisher":{"@id":"https:\/\/msuv.org\/#organization"},"image":{"@id":"https:\/\/msuv.org\/vreme-jede-pogled\/#primaryimage"},"thumbnailUrl":"https:\/\/msuv.org\/wp-content\/uploads\/2025\/08\/Index_1920x1080_VJP-scaled.jpg","articleSection":["Arhiva"],"inLanguage":"en-US"},{"@type":"WebPage","@id":"https:\/\/msuv.org\/vreme-jede-pogled\/","url":"https:\/\/msuv.org\/vreme-jede-pogled\/","name":"Vreme jede pogled - Muzej savremene umetnosti Vojvodine","isPartOf":{"@id":"https:\/\/msuv.org\/#website"},"primaryImageOfPage":{"@id":"https:\/\/msuv.org\/vreme-jede-pogled\/#primaryimage"},"image":{"@id":"https:\/\/msuv.org\/vreme-jede-pogled\/#primaryimage"},"thumbnailUrl":"https:\/\/msuv.org\/wp-content\/uploads\/2025\/08\/Index_1920x1080_VJP-scaled.jpg","datePublished":"2025-08-19T09:19:27+00:00","dateModified":"2025-11-05T08:52:17+00:00","breadcrumb":{"@id":"https:\/\/msuv.org\/vreme-jede-pogled\/#breadcrumb"},"inLanguage":"en-US","potentialAction":[{"@type":"ReadAction","target":["https:\/\/msuv.org\/vreme-jede-pogled\/"]}]},{"@type":"ImageObject","inLanguage":"en-US","@id":"https:\/\/msuv.org\/vreme-jede-pogled\/#primaryimage","url":"https:\/\/msuv.org\/wp-content\/uploads\/2025\/08\/Index_1920x1080_VJP-scaled.jpg","contentUrl":"https:\/\/msuv.org\/wp-content\/uploads\/2025\/08\/Index_1920x1080_VJP-scaled.jpg","width":2560,"height":1440},{"@type":"BreadcrumbList","@id":"https:\/\/msuv.org\/vreme-jede-pogled\/#breadcrumb","itemListElement":[{"@type":"ListItem","position":1,"name":"Home","item":"https:\/\/msuv.org\/"},{"@type":"ListItem","position":2,"name":"Vreme jede pogled"}]},{"@type":"WebSite","@id":"https:\/\/msuv.org\/#website","url":"https:\/\/msuv.org\/","name":"Muzej savremene umetnosti Vojvodine","description":"","publisher":{"@id":"https:\/\/msuv.org\/#organization"},"potentialAction":[{"@type":"SearchAction","target":{"@type":"EntryPoint","urlTemplate":"https:\/\/msuv.org\/?s={search_term_string}"},"query-input":{"@type":"PropertyValueSpecification","valueRequired":true,"valueName":"search_term_string"}}],"inLanguage":"en-US"},{"@type":"Organization","@id":"https:\/\/msuv.org\/#organization","name":"Muzej savremene umetnosti Vojvodine","url":"https:\/\/msuv.org\/","logo":{"@type":"ImageObject","inLanguage":"en-US","@id":"https:\/\/msuv.org\/#\/schema\/logo\/image\/","url":"https:\/\/msuv.org\/wp-content\/uploads\/2023\/11\/srpski-logo.png","contentUrl":"https:\/\/msuv.org\/wp-content\/uploads\/2023\/11\/srpski-logo.png","width":872,"height":117,"caption":"Muzej savremene umetnosti Vojvodine"},"image":{"@id":"https:\/\/msuv.org\/#\/schema\/logo\/image\/"}},{"@type":"Person","@id":"https:\/\/msuv.org\/#\/schema\/person\/dc0040e5a91777865ee32d8e23108ff1","name":"PR","image":{"@type":"ImageObject","inLanguage":"en-US","@id":"https:\/\/secure.gravatar.com\/avatar\/09bc7ce461a53c8581c2b174cd8d592dcf3c8d935e7f8c25b810edb55ff497e7?s=96&d=mm&r=g","url":"https:\/\/secure.gravatar.com\/avatar\/09bc7ce461a53c8581c2b174cd8d592dcf3c8d935e7f8c25b810edb55ff497e7?s=96&d=mm&r=g","contentUrl":"https:\/\/secure.gravatar.com\/avatar\/09bc7ce461a53c8581c2b174cd8d592dcf3c8d935e7f8c25b810edb55ff497e7?s=96&d=mm&r=g","caption":"PR"},"url":"https:\/\/msuv.org\/en\/author\/pr\/"}]}},"_links":{"self":[{"href":"https:\/\/msuv.org\/en\/wp-json\/wp\/v2\/posts\/8291","targetHints":{"allow":["GET"]}}],"collection":[{"href":"https:\/\/msuv.org\/en\/wp-json\/wp\/v2\/posts"}],"about":[{"href":"https:\/\/msuv.org\/en\/wp-json\/wp\/v2\/types\/post"}],"author":[{"embeddable":true,"href":"https:\/\/msuv.org\/en\/wp-json\/wp\/v2\/users\/11"}],"replies":[{"embeddable":true,"href":"https:\/\/msuv.org\/en\/wp-json\/wp\/v2\/comments?post=8291"}],"version-history":[{"count":47,"href":"https:\/\/msuv.org\/en\/wp-json\/wp\/v2\/posts\/8291\/revisions"}],"predecessor-version":[{"id":8566,"href":"https:\/\/msuv.org\/en\/wp-json\/wp\/v2\/posts\/8291\/revisions\/8566"}],"wp:featuredmedia":[{"embeddable":true,"href":"https:\/\/msuv.org\/en\/wp-json\/wp\/v2\/media\/8293"}],"wp:attachment":[{"href":"https:\/\/msuv.org\/en\/wp-json\/wp\/v2\/media?parent=8291"}],"wp:term":[{"taxonomy":"category","embeddable":true,"href":"https:\/\/msuv.org\/en\/wp-json\/wp\/v2\/categories?post=8291"},{"taxonomy":"post_tag","embeddable":true,"href":"https:\/\/msuv.org\/en\/wp-json\/wp\/v2\/tags?post=8291"}],"curies":[{"name":"wp","href":"https:\/\/api.w.org\/{rel}","templated":true}]}}