{"id":7392,"date":"2025-03-24T09:23:39","date_gmt":"2025-03-24T09:23:39","guid":{"rendered":"https:\/\/msuv.org\/?p=7392"},"modified":"2025-06-03T10:59:30","modified_gmt":"2025-06-03T10:59:30","slug":"slucaj-niti-globalni-narativi-o-tekstilu-l-the-event-of-a-thread-global-narratives-in-textiles","status":"publish","type":"post","link":"https:\/\/msuv.org\/en\/slucaj-niti-globalni-narativi-o-tekstilu-l-the-event-of-a-thread-global-narratives-in-textiles\/","title":{"rendered":"The event of a thread: Global narratives in textiles"},"content":{"rendered":"<div data-elementor-type=\"wp-post\" data-elementor-id=\"7392\" class=\"elementor elementor-7392\" data-elementor-post-type=\"post\">\n\t\t\t\t<div class=\"elementor-element elementor-element-709af5 e-con-full e-flex e-con e-parent\" data-id=\"709af5\" data-element_type=\"container\" data-e-type=\"container\">\n\t\t<div class=\"elementor-element elementor-element-667bf80e e-con-full e-flex e-con e-child\" data-id=\"667bf80e\" data-element_type=\"container\" data-e-type=\"container\">\n\t\t\t\t<div class=\"elementor-element elementor-element-7b360867 elementor-widget elementor-widget-text-editor\" data-id=\"7b360867\" data-element_type=\"widget\" data-e-type=\"widget\" data-widget_type=\"text-editor.default\">\n\t\t\t\t<div class=\"elementor-widget-container\">\n\t\t\t\t\t\t\t\t\t<p>Opening time<\/p>\t\t\t\t\t\t\t\t<\/div>\n\t\t\t\t<\/div>\n\t\t\t\t<div class=\"elementor-element elementor-element-1f4ba512 elementor-widget elementor-widget-heading\" data-id=\"1f4ba512\" data-element_type=\"widget\" data-e-type=\"widget\" data-widget_type=\"heading.default\">\n\t\t\t\t<div class=\"elementor-widget-container\">\n\t\t\t\t\t<h2 class=\"elementor-heading-title elementor-size-default\">05<\/h2>\t\t\t\t<\/div>\n\t\t\t\t<\/div>\n\t\t\t\t<div class=\"elementor-element elementor-element-24515eed elementor-widget elementor-widget-text-editor\" data-id=\"24515eed\" data-element_type=\"widget\" data-e-type=\"widget\" data-widget_type=\"text-editor.default\">\n\t\t\t\t<div class=\"elementor-widget-container\">\n\t\t\t\t\t\t\t\t\t<p>April 2025.<\/p>\t\t\t\t\t\t\t\t<\/div>\n\t\t\t\t<\/div>\n\t\t\t\t<\/div>\n\t\t<div class=\"elementor-element elementor-element-738dd0c e-con-full e-flex e-con e-child\" data-id=\"738dd0c\" data-element_type=\"container\" data-e-type=\"container\">\n\t\t\t\t<div class=\"elementor-element elementor-element-45b30984 elementor-widget elementor-widget-heading\" data-id=\"45b30984\" data-element_type=\"widget\" data-e-type=\"widget\" data-widget_type=\"heading.default\">\n\t\t\t\t<div class=\"elementor-widget-container\">\n\t\t\t\t\t<h2 class=\"elementor-heading-title elementor-size-default\">The event of a thread: Global narratives in textiles <\/h2>\t\t\t\t<\/div>\n\t\t\t\t<\/div>\n\t\t\t\t<div class=\"elementor-element elementor-element-9fbab79 elementor-widget elementor-widget-text-editor\" data-id=\"9fbab79\" data-element_type=\"widget\" data-e-type=\"widget\" data-widget_type=\"text-editor.default\">\n\t\t\t\t<div class=\"elementor-widget-container\">\n\t\t\t\t\t\t\t\t\t<div class=\"et_pb_module et_pb_text et_pb_text_2 et_pb_text_align_left et_pb_bg_layout_light\"><div class=\"et_pb_text_inner\"><div class=\"et_pb_module et_pb_text et_pb_text_2 et_pb_text_align_left et_pb_bg_layout_light\"><div class=\"et_pb_text_inner\"><p>Museum of Contemporary Art Vojvodina, Dunavska 37, Novi Sad<\/p><p><strong>Date of the exhibition:\u00a0 <\/strong>05\/04\u201201\/06\/2025<\/p><\/div><\/div><div class=\"et_pb_module et_pb_text et_pb_text_3 et_pb_text_align_left et_pb_bg_layout_light\"><div class=\"et_pb_text_inner\"><p><b>Curators<\/b>:<\/p><p>Susanne Wei\u00df, Inka Gressel, ifa &#8211; Institut f\u00fcr Auslandsbeziehungen<\/p><p>Sanja Koji\u0107 Mladenov, Museum of Contemporary Art\nVojvodina<\/p><p><strong>Artists:<\/strong><\/p><p>Atelje 61 \/ Nada Ad\u017ei\u0107 Poznanovi\u0107, Ulla von Brandenburg, Milica Duki\u0107, Noa Eshkol, Andreas Exner, Uli Fischer, Zille Homma Hamid, Heide Hinrichs, Olaf Holzapfel, Ivana Ivkovi\u0107, Christa Jeitner, Elisa van Joolen &amp; Vincent Vulsma, NEprakti\u010dne \u017eeNE + \u0161kart , Marinela Ko\u017eelj, Eva Meyer &amp; Eran Schaerf, Karen Michelsen Casta\u00f1\u00f3n, Tanja Ostoji\u0107, Judith Raum, Rena R\u00e4dle &amp; Vladan Jeremi\u0107 , Franz Erhard Walther, zajedno sa \u201eBauhaus prostorom\u201d<\/p><\/div><\/div><\/div><\/div>\t\t\t\t\t\t\t\t<\/div>\n\t\t\t\t<\/div>\n\t\t\t\t<\/div>\n\t\t\t\t<\/div>\n\t\t<div class=\"elementor-element elementor-element-6d3f3c5c e-con-full e-flex e-con e-parent\" data-id=\"6d3f3c5c\" data-element_type=\"container\" data-e-type=\"container\">\n\t\t<div class=\"elementor-element elementor-element-3df26593 e-con-full e-flex e-con e-child\" data-id=\"3df26593\" data-element_type=\"container\" data-e-type=\"container\">\n\t\t\t\t<div class=\"elementor-element elementor-element-76ed364f elementor-widget elementor-widget-text-editor\" data-id=\"76ed364f\" data-element_type=\"widget\" data-e-type=\"widget\" data-widget_type=\"text-editor.default\">\n\t\t\t\t<div class=\"elementor-widget-container\">\n\t\t\t\t\t\t\t\t\t<p>International exhibition \u201cThe Event of a Thread: Global Narratives in Textiles\u201d, organized by ifa - Institut f\u00fcr Auslandsbeziehungen, the Museum of Contemporary Art Vojvodina, Novi Sad\nand the Goethe-Institute in Belgrade.<\/p><p>Textiles are at the heart of the ifa touring exhibition, which focuses on questions including:\nWhat inherent meanings and messages can be found in fabrics? What is their cultural significance? How can textiles be \u2018read\u2019? What can fabrics tell us about their origins, meanings and social roles? Which traditional textile techniques have artists appropriated, abstracted, relocated and brought back to life? Textiles constitute a locus in which art encounters handicraft, traditions meet the present day, and local knowledge intersects with global relationships.<\/p><p>The exhibition highlights the multiple complex ways in which the participating artists work with textiles. They link personal and aesthetic narratives with the social and economic configuration of a globalized world. In 1965, Bauhaus artist Anni Albers described \u201cthe event of a thread\u201d as something multilinear, without beginning or end: more broadly, it signifies\nconstant scope to rethink relations and to restructure connections and contexts.<\/p>\t\t\t\t\t\t\t\t<\/div>\n\t\t\t\t<\/div>\n\t\t\t\t<\/div>\n\t\t<div class=\"elementor-element elementor-element-7ed1aca1 e-con-full e-flex e-con e-child\" data-id=\"7ed1aca1\" data-element_type=\"container\" data-e-type=\"container\">\n\t\t\t\t<div class=\"elementor-element elementor-element-37830ce1 elementor-widget elementor-widget-image\" data-id=\"37830ce1\" data-element_type=\"widget\" data-e-type=\"widget\" data-widget_type=\"image.default\">\n\t\t\t\t<div class=\"elementor-widget-container\">\n\t\t\t\t\t\t\t\t\t\t\t\t\t\t\t<img fetchpriority=\"high\" decoding=\"async\" width=\"2560\" height=\"1819\" src=\"https:\/\/msuv.org\/wp-content\/uploads\/2025\/03\/Andreas-Exner-Aldi-Vorhang-1999-stitched-fabric-500-x-500-cm-Photo-Uwe-Walther-\u00a9-VG-Bild-Kunst-scaled.jpg\" class=\"attachment-full size-full wp-image-7411\" alt=\"\" srcset=\"https:\/\/msuv.org\/wp-content\/uploads\/2025\/03\/Andreas-Exner-Aldi-Vorhang-1999-stitched-fabric-500-x-500-cm-Photo-Uwe-Walther-\u00a9-VG-Bild-Kunst-scaled.jpg 2560w, https:\/\/msuv.org\/wp-content\/uploads\/2025\/03\/Andreas-Exner-Aldi-Vorhang-1999-stitched-fabric-500-x-500-cm-Photo-Uwe-Walther-\u00a9-VG-Bild-Kunst-300x213.jpg 300w, https:\/\/msuv.org\/wp-content\/uploads\/2025\/03\/Andreas-Exner-Aldi-Vorhang-1999-stitched-fabric-500-x-500-cm-Photo-Uwe-Walther-\u00a9-VG-Bild-Kunst-1024x728.jpg 1024w, https:\/\/msuv.org\/wp-content\/uploads\/2025\/03\/Andreas-Exner-Aldi-Vorhang-1999-stitched-fabric-500-x-500-cm-Photo-Uwe-Walther-\u00a9-VG-Bild-Kunst-768x546.jpg 768w, https:\/\/msuv.org\/wp-content\/uploads\/2025\/03\/Andreas-Exner-Aldi-Vorhang-1999-stitched-fabric-500-x-500-cm-Photo-Uwe-Walther-\u00a9-VG-Bild-Kunst-1536x1091.jpg 1536w, https:\/\/msuv.org\/wp-content\/uploads\/2025\/03\/Andreas-Exner-Aldi-Vorhang-1999-stitched-fabric-500-x-500-cm-Photo-Uwe-Walther-\u00a9-VG-Bild-Kunst-2048x1455.jpg 2048w, https:\/\/msuv.org\/wp-content\/uploads\/2025\/03\/Andreas-Exner-Aldi-Vorhang-1999-stitched-fabric-500-x-500-cm-Photo-Uwe-Walther-\u00a9-VG-Bild-Kunst-18x12.jpg 18w\" sizes=\"(max-width: 2560px) 100vw, 2560px\" \/>\t\t\t\t\t\t\t\t\t\t\t\t\t\t\t<\/div>\n\t\t\t\t<\/div>\n\t\t\t\t<div class=\"elementor-element elementor-element-1823f59d elementor-widget elementor-widget-text-editor\" data-id=\"1823f59d\" data-element_type=\"widget\" data-e-type=\"widget\" data-widget_type=\"text-editor.default\">\n\t\t\t\t<div class=\"elementor-widget-container\">\n\t\t\t\t\t\t\t\t\t<p>Andreas Exner, Aldi-Vorhang, 1999 stitched fabric, 500 x 500 cm Photo Uwe Walther \u00a9 VG Bild-Kunst<\/p>\t\t\t\t\t\t\t\t<\/div>\n\t\t\t\t<\/div>\n\t\t\t\t<\/div>\n\t\t\t\t<\/div>\n\t\t<div class=\"elementor-element elementor-element-1b8bab5b e-con-full e-flex e-con e-parent\" data-id=\"1b8bab5b\" data-element_type=\"container\" data-e-type=\"container\">\n\t\t<div class=\"elementor-element elementor-element-34b947b8 e-con-full e-flex e-con e-child\" data-id=\"34b947b8\" data-element_type=\"container\" data-e-type=\"container\">\n\t\t\t\t<div class=\"elementor-element elementor-element-308196e0 elementor-widget elementor-widget-text-editor\" data-id=\"308196e0\" data-element_type=\"widget\" data-e-type=\"widget\" data-widget_type=\"text-editor.default\">\n\t\t\t\t<div class=\"elementor-widget-container\">\n\t\t\t\t\t\t\t\t\t<p class=\"translation-block\">The artist Judith Raum developed \u201cThe Bauhaus Space\u201d\u00a0for the exhibition, an visual archive and installation dedicated to the history of the weaving workshop of Bauhaus Dessau.. We encounter rewoven fabrics and historic materials in a specially designed display (design: Jakob Kirch; architecture: S.T.I.F.F.) that unfolds its extraordinary success story in six chapters.<\/p><p>Every part of the world can attest the complex inscription of textiles into cultural and\nindustrial history.\u00a0In a political climate marked by detachment and cruelty, textiles hold the\npower to evoke reminiscences of earlier heartfelt humane times, to remind us how precious\nhandcrafts are, to\u00a0call to\u00a0compassion and solidarity. Hence,\u00a0in cooperation with local\ncontemporary artists, the main body of the exhibition is complemented by artworks\u00a0that\ncreate new narratives relevant to the textile in the local context\u00a0and their engaged response\nto the various oppression forms, systematic but also interpersonal.<\/p><p>Building on the concept of the original exhibition, the Museum of Contemporary Art Vojvodina also exhibits works of art by the artists from Serbia, who deal with the specific socio-political context of their own environment. They emphasize the importance of emancipatory practice, activism and community as important characteristics of the use of textiles in local historical and contemporary artistic practice. The exhibition will feature works from the collection of the Museum of Contemporary Art Vojvodina, the National Museum of U\u017eice and the \"Atelier 61\" from Novi Sad.<\/p>\t\t\t\t\t\t\t\t<\/div>\n\t\t\t\t<\/div>\n\t\t\t\t<\/div>\n\t\t\t\t<\/div>\n\t\t<div class=\"elementor-element elementor-element-6003650e e-con-full e-flex e-con e-parent\" data-id=\"6003650e\" data-element_type=\"container\" data-e-type=\"container\">\n\t\t\t\t<div class=\"elementor-element elementor-element-4c621045 elementor-widget elementor-widget-gallery\" data-id=\"4c621045\" data-element_type=\"widget\" data-e-type=\"widget\" data-settings=\"{&quot;overlay_title&quot;:&quot;caption&quot;,&quot;overlay_description&quot;:&quot;title&quot;,&quot;columns_tablet&quot;:4,&quot;gallery_layout&quot;:&quot;masonry&quot;,&quot;columns&quot;:3,&quot;lazyload&quot;:&quot;yes&quot;,&quot;columns_mobile&quot;:1,&quot;gap&quot;:{&quot;unit&quot;:&quot;px&quot;,&quot;size&quot;:10,&quot;sizes&quot;:[]},&quot;gap_widescreen&quot;:{&quot;unit&quot;:&quot;px&quot;,&quot;size&quot;:&quot;&quot;,&quot;sizes&quot;:[]},&quot;gap_laptop&quot;:{&quot;unit&quot;:&quot;px&quot;,&quot;size&quot;:10,&quot;sizes&quot;:[]},&quot;gap_tablet&quot;:{&quot;unit&quot;:&quot;px&quot;,&quot;size&quot;:10,&quot;sizes&quot;:[]},&quot;gap_mobile&quot;:{&quot;unit&quot;:&quot;px&quot;,&quot;size&quot;:10,&quot;sizes&quot;:[]},&quot;link_to&quot;:&quot;file&quot;,&quot;overlay_background&quot;:&quot;yes&quot;,&quot;content_hover_animation&quot;:&quot;fade-in&quot;}\" data-widget_type=\"gallery.default\">\n\t\t\t\t<div class=\"elementor-widget-container\">\n\t\t\t\t\t\t\t<div class=\"elementor-gallery__container\">\n\t\t\t\t\t\t\t<a class=\"e-gallery-item elementor-gallery-item elementor-animated-content\" href=\"https:\/\/msuv.org\/wp-content\/uploads\/2025\/03\/Ivana-Ivkocic_THE-BASE-OF-TRUST_2024-scaled.jpg\" data-elementor-open-lightbox=\"yes\" data-elementor-lightbox-slideshow=\"4c621045\" data-elementor-lightbox-title=\"Ivana Ivkoci\u0107 - THE BASE OF TRUST (2024)\" data-e-action-hash=\"#elementor-action%3Aaction%3Dlightbox%26settings%3DeyJpZCI6NzQxMywidXJsIjoiaHR0cHM6XC9cL21zdXYub3JnXC93cC1jb250ZW50XC91cGxvYWRzXC8yMDI1XC8wM1wvSXZhbmEtSXZrb2NpY19USEUtQkFTRS1PRi1UUlVTVF8yMDI0LXNjYWxlZC5qcGciLCJzbGlkZXNob3ciOiI0YzYyMTA0NSJ9\">\n\t\t\t\t\t<div class=\"e-gallery-image elementor-gallery-item__image\" data-thumbnail=\"https:\/\/msuv.org\/wp-content\/uploads\/2025\/03\/Ivana-Ivkocic_THE-BASE-OF-TRUST_2024-300x225.jpg\" data-width=\"300\" data-height=\"225\" aria-label=\"\" role=\"img\" ><\/div>\n\t\t\t\t\t\t\t\t\t\t\t<div class=\"elementor-gallery-item__overlay\"><\/div>\n\t\t\t\t\t\t\t\t\t\t\t\t\t\t\t<div class=\"elementor-gallery-item__content\">\n\t\t\t\t\t\t\t\t\t\t\t\t\t\t<div class=\"elementor-gallery-item__title\">\n\t\t\t\t\t\t\t\t\t\t\t\t\t\t\t\t\t\tIvana Ivkoci\u0107 - THE BASE OF TRUST (2024)\t\t\t\t\t\t\t\t<\/div>\n\t\t\t\t\t\t\t\t\t\t\t\t\t\t\t<div class=\"elementor-gallery-item__description\">\n\t\t\t\t\t\t\t\t\t\t\t\t\t\t\t\t\t\tIvana Ivkoci\u0107 - THE BASE OF TRUST (2024)\t\t\t\t\t\t\t\t<\/div>\n\t\t\t\t\t\t\t\t\t\t\t\t<\/div>\n\t\t\t\t\t\t\t\t\t<\/a>\n\t\t\t\t\t\t\t<a class=\"e-gallery-item elementor-gallery-item elementor-animated-content\" href=\"https:\/\/msuv.org\/wp-content\/uploads\/2025\/03\/Rene-Redle-i-Vladan-Jeremic-Gluve-cipele-2018-foto-Cinzia-Delnevo_msuv.jpg\" data-elementor-open-lightbox=\"yes\" data-elementor-lightbox-slideshow=\"4c621045\" data-elementor-lightbox-title=\"Rena Redle i Vladan Jeremi\u0107, Gluve cipele, 2018, foto Cinzia Delnevo_msuv\" data-e-action-hash=\"#elementor-action%3Aaction%3Dlightbox%26settings%3DeyJpZCI6NzQxNSwidXJsIjoiaHR0cHM6XC9cL21zdXYub3JnXC93cC1jb250ZW50XC91cGxvYWRzXC8yMDI1XC8wM1wvUmVuZS1SZWRsZS1pLVZsYWRhbi1KZXJlbWljLUdsdXZlLWNpcGVsZS0yMDE4LWZvdG8tQ2luemlhLURlbG5ldm9fbXN1di5qcGciLCJzbGlkZXNob3ciOiI0YzYyMTA0NSJ9\">\n\t\t\t\t\t<div class=\"e-gallery-image elementor-gallery-item__image\" data-thumbnail=\"https:\/\/msuv.org\/wp-content\/uploads\/2025\/03\/Rene-Redle-i-Vladan-Jeremic-Gluve-cipele-2018-foto-Cinzia-Delnevo_msuv-300x169.jpg\" data-width=\"300\" data-height=\"169\" aria-label=\"\" role=\"img\" ><\/div>\n\t\t\t\t\t\t\t\t\t\t\t<div class=\"elementor-gallery-item__overlay\"><\/div>\n\t\t\t\t\t\t\t\t\t\t\t\t\t\t\t<div class=\"elementor-gallery-item__content\">\n\t\t\t\t\t\t\t\t\t\t\t\t\t\t<div class=\"elementor-gallery-item__title\">\n\t\t\t\t\t\t\t\t\t\t\t\t\t\t\t\t\t\tRena Redle i Vladan Jeremi\u0107, Gluve cipele, 2018,\t\t\t\t\t\t\t\t<\/div>\n\t\t\t\t\t\t\t\t\t\t\t\t\t\t\t<div class=\"elementor-gallery-item__description\">\n\t\t\t\t\t\t\t\t\t\t\t\t\t\t\t\t\t\tRena Redle i Vladan Jeremi\u0107, Gluve cipele, 2018, foto Cinzia Delnevo_msuv\t\t\t\t\t\t\t\t<\/div>\n\t\t\t\t\t\t\t\t\t\t\t\t<\/div>\n\t\t\t\t\t\t\t\t\t<\/a>\n\t\t\t\t\t\t\t<a class=\"e-gallery-item elementor-gallery-item elementor-animated-content\" href=\"https:\/\/msuv.org\/wp-content\/uploads\/2025\/03\/Tanja-Ostojic_Sjedinjena-s-vodom_2024_foto-Edvard-Molnar-scaled.jpg\" data-elementor-open-lightbox=\"yes\" data-elementor-lightbox-slideshow=\"4c621045\" data-elementor-lightbox-title=\"Tanja Ostoji\u0107 - Sjedinjena s vodom (2024) foto Edvard Molnar\" data-e-action-hash=\"#elementor-action%3Aaction%3Dlightbox%26settings%3DeyJpZCI6NzQxNiwidXJsIjoiaHR0cHM6XC9cL21zdXYub3JnXC93cC1jb250ZW50XC91cGxvYWRzXC8yMDI1XC8wM1wvVGFuamEtT3N0b2ppY19TamVkaW5qZW5hLXMtdm9kb21fMjAyNF9mb3RvLUVkdmFyZC1Nb2xuYXItc2NhbGVkLmpwZyIsInNsaWRlc2hvdyI6IjRjNjIxMDQ1In0%3D\">\n\t\t\t\t\t<div class=\"e-gallery-image elementor-gallery-item__image\" data-thumbnail=\"https:\/\/msuv.org\/wp-content\/uploads\/2025\/03\/Tanja-Ostojic_Sjedinjena-s-vodom_2024_foto-Edvard-Molnar-300x221.jpg\" data-width=\"300\" data-height=\"221\" aria-label=\"\" role=\"img\" ><\/div>\n\t\t\t\t\t\t\t\t\t\t\t<div class=\"elementor-gallery-item__overlay\"><\/div>\n\t\t\t\t\t\t\t\t\t\t\t\t\t\t\t<div class=\"elementor-gallery-item__content\">\n\t\t\t\t\t\t\t\t\t\t\t\t\t\t<div class=\"elementor-gallery-item__title\">\n\t\t\t\t\t\t\t\t\t\t\t\t\t\t\t\t\t\tTanja Ostoji\u0107 - Sjedinjena s vodom (2024)\t\t\t\t\t\t\t\t<\/div>\n\t\t\t\t\t\t\t\t\t\t\t\t\t\t\t<div class=\"elementor-gallery-item__description\">\n\t\t\t\t\t\t\t\t\t\t\t\t\t\t\t\t\t\tTanja Ostoji\u0107 - Sjedinjena s vodom (2024) foto Edvard Molnar\t\t\t\t\t\t\t\t<\/div>\n\t\t\t\t\t\t\t\t\t\t\t\t<\/div>\n\t\t\t\t\t\t\t\t\t<\/a>\n\t\t\t\t\t\t\t<a class=\"e-gallery-item elementor-gallery-item elementor-animated-content\" href=\"https:\/\/msuv.org\/wp-content\/uploads\/2025\/03\/Elis-van-Joolen-and-Vincent-Vulsma_Techik_2012-2013-poto-Uwe-Walther-scaled.jpg\" data-elementor-open-lightbox=\"yes\" data-elementor-lightbox-slideshow=\"4c621045\" data-elementor-lightbox-title=\"Elis van Joolen and Vincent Vulsma Techik 2012-2013 poto Uwe Walther\" data-e-action-hash=\"#elementor-action%3Aaction%3Dlightbox%26settings%3DeyJpZCI6NzQxMiwidXJsIjoiaHR0cHM6XC9cL21zdXYub3JnXC93cC1jb250ZW50XC91cGxvYWRzXC8yMDI1XC8wM1wvRWxpcy12YW4tSm9vbGVuLWFuZC1WaW5jZW50LVZ1bHNtYV9UZWNoaWtfMjAxMi0yMDEzLXBvdG8tVXdlLVdhbHRoZXItc2NhbGVkLmpwZyIsInNsaWRlc2hvdyI6IjRjNjIxMDQ1In0%3D\">\n\t\t\t\t\t<div class=\"e-gallery-image elementor-gallery-item__image\" data-thumbnail=\"https:\/\/msuv.org\/wp-content\/uploads\/2025\/03\/Elis-van-Joolen-and-Vincent-Vulsma_Techik_2012-2013-poto-Uwe-Walther-200x300.jpg\" data-width=\"200\" data-height=\"300\" aria-label=\"\" role=\"img\" ><\/div>\n\t\t\t\t\t\t\t\t\t\t\t<div class=\"elementor-gallery-item__overlay\"><\/div>\n\t\t\t\t\t\t\t\t\t\t\t\t\t\t\t<div class=\"elementor-gallery-item__content\">\n\t\t\t\t\t\t\t\t\t\t\t\t\t\t<div class=\"elementor-gallery-item__title\">\n\t\t\t\t\t\t\t\t\t\t\t\t\t\t\t\t\t\tElis van Joolen and Vincent Vulsma Techik 2012-2013\t\t\t\t\t\t\t\t<\/div>\n\t\t\t\t\t\t\t\t\t\t\t\t\t\t\t<div class=\"elementor-gallery-item__description\">\n\t\t\t\t\t\t\t\t\t\t\t\t\t\t\t\t\t\tElis van Joolen and Vincent Vulsma Techik 2012-2013 poto Uwe Walther\t\t\t\t\t\t\t\t<\/div>\n\t\t\t\t\t\t\t\t\t\t\t\t<\/div>\n\t\t\t\t\t\t\t\t\t<\/a>\n\t\t\t\t\t\t\t<a class=\"e-gallery-item elementor-gallery-item elementor-animated-content\" href=\"https:\/\/msuv.org\/wp-content\/uploads\/2025\/03\/Ulla-von-Brandenburg_Flying-Geese_2017_foto-Uwe-Walther-scaled.jpg\" data-elementor-open-lightbox=\"yes\" data-elementor-lightbox-slideshow=\"4c621045\" data-elementor-lightbox-title=\"Ulla von Brandenburg - Flying Geese (2017) foto Uwe Walther\" data-e-action-hash=\"#elementor-action%3Aaction%3Dlightbox%26settings%3DeyJpZCI6NzQxNywidXJsIjoiaHR0cHM6XC9cL21zdXYub3JnXC93cC1jb250ZW50XC91cGxvYWRzXC8yMDI1XC8wM1wvVWxsYS12b24tQnJhbmRlbmJ1cmdfRmx5aW5nLUdlZXNlXzIwMTdfZm90by1Vd2UtV2FsdGhlci1zY2FsZWQuanBnIiwic2xpZGVzaG93IjoiNGM2MjEwNDUifQ%3D%3D\">\n\t\t\t\t\t<div class=\"e-gallery-image elementor-gallery-item__image\" data-thumbnail=\"https:\/\/msuv.org\/wp-content\/uploads\/2025\/03\/Ulla-von-Brandenburg_Flying-Geese_2017_foto-Uwe-Walther-300x189.jpg\" data-width=\"300\" data-height=\"189\" aria-label=\"\" role=\"img\" ><\/div>\n\t\t\t\t\t\t\t\t\t\t\t<div class=\"elementor-gallery-item__overlay\"><\/div>\n\t\t\t\t\t\t\t\t\t\t\t\t\t\t\t<div class=\"elementor-gallery-item__content\">\n\t\t\t\t\t\t\t\t\t\t\t\t\t\t<div class=\"elementor-gallery-item__title\">\n\t\t\t\t\t\t\t\t\t\t\t\t\t\t\t\t\t\tUlla von Brandenburg - Flying Geese (2017)\t\t\t\t\t\t\t\t<\/div>\n\t\t\t\t\t\t\t\t\t\t\t\t\t\t\t<div class=\"elementor-gallery-item__description\">\n\t\t\t\t\t\t\t\t\t\t\t\t\t\t\t\t\t\tUlla von Brandenburg - Flying Geese (2017) foto Uwe Walther\t\t\t\t\t\t\t\t<\/div>\n\t\t\t\t\t\t\t\t\t\t\t\t<\/div>\n\t\t\t\t\t\t\t\t\t<\/a>\n\t\t\t\t\t\t\t<a class=\"e-gallery-item elementor-gallery-item elementor-animated-content\" href=\"https:\/\/msuv.org\/wp-content\/uploads\/2025\/03\/Marinela-Kozelj_Kit_2014-scaled.jpg\" data-elementor-open-lightbox=\"yes\" data-elementor-lightbox-slideshow=\"4c621045\" data-elementor-lightbox-title=\"Marinela Ko\u017eelj - Kit (2014)\" data-e-action-hash=\"#elementor-action%3Aaction%3Dlightbox%26settings%3DeyJpZCI6NzQxNCwidXJsIjoiaHR0cHM6XC9cL21zdXYub3JnXC93cC1jb250ZW50XC91cGxvYWRzXC8yMDI1XC8wM1wvTWFyaW5lbGEtS296ZWxqX0tpdF8yMDE0LXNjYWxlZC5qcGciLCJzbGlkZXNob3ciOiI0YzYyMTA0NSJ9\">\n\t\t\t\t\t<div class=\"e-gallery-image elementor-gallery-item__image\" data-thumbnail=\"https:\/\/msuv.org\/wp-content\/uploads\/2025\/03\/Marinela-Kozelj_Kit_2014-199x300.jpg\" data-width=\"199\" data-height=\"300\" aria-label=\"\" role=\"img\" ><\/div>\n\t\t\t\t\t\t\t\t\t\t\t<div class=\"elementor-gallery-item__overlay\"><\/div>\n\t\t\t\t\t\t\t\t\t\t\t\t\t\t\t<div class=\"elementor-gallery-item__content\">\n\t\t\t\t\t\t\t\t\t\t\t\t\t\t<div class=\"elementor-gallery-item__title\">\n\t\t\t\t\t\t\t\t\t\t\t\t\t\t\t\t\t\tMarinela Ko\u017eelj - Kit (2014)\t\t\t\t\t\t\t\t<\/div>\n\t\t\t\t\t\t\t\t\t\t\t\t\t\t\t<div class=\"elementor-gallery-item__description\">\n\t\t\t\t\t\t\t\t\t\t\t\t\t\t\t\t\t\tMarinela Ko\u017eelj - Kit (2014)\t\t\t\t\t\t\t\t<\/div>\n\t\t\t\t\t\t\t\t\t\t\t\t<\/div>\n\t\t\t\t\t\t\t\t\t<\/a>\n\t\t\t\t\t<\/div>\n\t\t\t\t\t<\/div>\n\t\t\t\t<\/div>\n\t\t\t\t<\/div>\n\t\t\t\t<\/div>","protected":false},"excerpt":{"rendered":"<p>Internacionalna izlo\u017eba \u201eSlu\u010daj niti. Globalni narativi o tekstilu\u201d u organizaciji Instituta za odnose sa inostranstvom ifa &#8211; Institut f\u00fcr Auslandsbeziehungen iz \u0160tutgarta, Muzeja savremene umetnosti Vojvodine iz Novog Sada i Goethe-Instituta u Beogradu, postavlja tekstil kao sredi\u0161nju temu istra\u017eivanja.<\/p>","protected":false},"author":11,"featured_media":7787,"comment_status":"closed","ping_status":"closed","sticky":false,"template":"","format":"standard","meta":{"footnotes":""},"categories":[15],"tags":[],"class_list":["post-7392","post","type-post","status-publish","format-standard","has-post-thumbnail","hentry","category-arhiva"],"yoast_head":"<!-- This site is optimized with the Yoast SEO plugin v27.5 - https:\/\/yoast.com\/product\/yoast-seo-wordpress\/ -->\n<title>Slu\u010daj niti. Globalni narativi o tekstilu l The Event of a Thread: Global Narratives in Textiles - Muzej savremene umetnosti Vojvodine<\/title>\n<meta name=\"robots\" content=\"index, follow, max-snippet:-1, max-image-preview:large, max-video-preview:-1\" \/>\n<link rel=\"canonical\" href=\"https:\/\/msuv.org\/en\/slucaj-niti-globalni-narativi-o-tekstilu-l-the-event-of-a-thread-global-narratives-in-textiles\/\" \/>\n<meta property=\"og:locale\" content=\"en_US\" \/>\n<meta property=\"og:type\" content=\"article\" \/>\n<meta property=\"og:title\" content=\"Slu\u010daj niti. Globalni narativi o tekstilu l The Event of a Thread: Global Narratives in Textiles - Muzej savremene umetnosti Vojvodine\" \/>\n<meta property=\"og:description\" content=\"Internacionalna izlo\u017eba \u201eSlu\u010daj niti. Globalni narativi o tekstilu\u201d u organizaciji Instituta za odnose sa inostranstvom ifa - Institut f\u00fcr Auslandsbeziehungen iz \u0160tutgarta, Muzeja savremene umetnosti Vojvodine iz Novog Sada i Goethe-Instituta u Beogradu, postavlja tekstil kao sredi\u0161nju temu istra\u017eivanja.\" \/>\n<meta property=\"og:url\" content=\"https:\/\/msuv.org\/en\/slucaj-niti-globalni-narativi-o-tekstilu-l-the-event-of-a-thread-global-narratives-in-textiles\/\" \/>\n<meta property=\"og:site_name\" content=\"Muzej savremene umetnosti Vojvodine\" \/>\n<meta property=\"article:published_time\" content=\"2025-03-24T09:23:39+00:00\" \/>\n<meta property=\"article:modified_time\" content=\"2025-06-03T10:59:30+00:00\" \/>\n<meta property=\"og:image\" content=\"https:\/\/msuv.org\/wp-content\/uploads\/2025\/04\/textile_WEBSITE_1920x1080-scaled.jpg\" \/>\n\t<meta property=\"og:image:width\" content=\"2560\" \/>\n\t<meta property=\"og:image:height\" content=\"1440\" \/>\n\t<meta property=\"og:image:type\" content=\"image\/jpeg\" \/>\n<meta name=\"author\" content=\"PR\" \/>\n<meta name=\"twitter:card\" content=\"summary_large_image\" \/>\n<meta name=\"twitter:label1\" content=\"Written by\" \/>\n\t<meta name=\"twitter:data1\" content=\"PR\" \/>\n\t<meta name=\"twitter:label2\" content=\"Est. reading time\" \/>\n\t<meta name=\"twitter:data2\" content=\"3 minutes\" \/>\n<script type=\"application\/ld+json\" class=\"yoast-schema-graph\">{\"@context\":\"https:\\\/\\\/schema.org\",\"@graph\":[{\"@type\":\"Article\",\"@id\":\"https:\\\/\\\/msuv.org\\\/slucaj-niti-globalni-narativi-o-tekstilu-l-the-event-of-a-thread-global-narratives-in-textiles\\\/#article\",\"isPartOf\":{\"@id\":\"https:\\\/\\\/msuv.org\\\/slucaj-niti-globalni-narativi-o-tekstilu-l-the-event-of-a-thread-global-narratives-in-textiles\\\/\"},\"author\":{\"name\":\"PR\",\"@id\":\"https:\\\/\\\/msuv.org\\\/#\\\/schema\\\/person\\\/dc0040e5a91777865ee32d8e23108ff1\"},\"headline\":\"Slu\u010daj niti. Globalni narativi o tekstilu l The Event of a Thread: Global Narratives in Textiles\",\"datePublished\":\"2025-03-24T09:23:39+00:00\",\"dateModified\":\"2025-06-03T10:59:30+00:00\",\"mainEntityOfPage\":{\"@id\":\"https:\\\/\\\/msuv.org\\\/slucaj-niti-globalni-narativi-o-tekstilu-l-the-event-of-a-thread-global-narratives-in-textiles\\\/\"},\"wordCount\":644,\"publisher\":{\"@id\":\"https:\\\/\\\/msuv.org\\\/#organization\"},\"image\":{\"@id\":\"https:\\\/\\\/msuv.org\\\/slucaj-niti-globalni-narativi-o-tekstilu-l-the-event-of-a-thread-global-narratives-in-textiles\\\/#primaryimage\"},\"thumbnailUrl\":\"https:\\\/\\\/msuv.org\\\/wp-content\\\/uploads\\\/2025\\\/04\\\/textile_WEBSITE_1920x1080-scaled.jpg\",\"articleSection\":[\"Arhiva\"],\"inLanguage\":\"en-US\"},{\"@type\":\"WebPage\",\"@id\":\"https:\\\/\\\/msuv.org\\\/slucaj-niti-globalni-narativi-o-tekstilu-l-the-event-of-a-thread-global-narratives-in-textiles\\\/\",\"url\":\"https:\\\/\\\/msuv.org\\\/slucaj-niti-globalni-narativi-o-tekstilu-l-the-event-of-a-thread-global-narratives-in-textiles\\\/\",\"name\":\"Slu\u010daj niti. Globalni narativi o tekstilu l The Event of a Thread: Global Narratives in Textiles - Muzej savremene umetnosti Vojvodine\",\"isPartOf\":{\"@id\":\"https:\\\/\\\/msuv.org\\\/#website\"},\"primaryImageOfPage\":{\"@id\":\"https:\\\/\\\/msuv.org\\\/slucaj-niti-globalni-narativi-o-tekstilu-l-the-event-of-a-thread-global-narratives-in-textiles\\\/#primaryimage\"},\"image\":{\"@id\":\"https:\\\/\\\/msuv.org\\\/slucaj-niti-globalni-narativi-o-tekstilu-l-the-event-of-a-thread-global-narratives-in-textiles\\\/#primaryimage\"},\"thumbnailUrl\":\"https:\\\/\\\/msuv.org\\\/wp-content\\\/uploads\\\/2025\\\/04\\\/textile_WEBSITE_1920x1080-scaled.jpg\",\"datePublished\":\"2025-03-24T09:23:39+00:00\",\"dateModified\":\"2025-06-03T10:59:30+00:00\",\"breadcrumb\":{\"@id\":\"https:\\\/\\\/msuv.org\\\/slucaj-niti-globalni-narativi-o-tekstilu-l-the-event-of-a-thread-global-narratives-in-textiles\\\/#breadcrumb\"},\"inLanguage\":\"en-US\",\"potentialAction\":[{\"@type\":\"ReadAction\",\"target\":[\"https:\\\/\\\/msuv.org\\\/slucaj-niti-globalni-narativi-o-tekstilu-l-the-event-of-a-thread-global-narratives-in-textiles\\\/\"]}]},{\"@type\":\"ImageObject\",\"inLanguage\":\"en-US\",\"@id\":\"https:\\\/\\\/msuv.org\\\/slucaj-niti-globalni-narativi-o-tekstilu-l-the-event-of-a-thread-global-narratives-in-textiles\\\/#primaryimage\",\"url\":\"https:\\\/\\\/msuv.org\\\/wp-content\\\/uploads\\\/2025\\\/04\\\/textile_WEBSITE_1920x1080-scaled.jpg\",\"contentUrl\":\"https:\\\/\\\/msuv.org\\\/wp-content\\\/uploads\\\/2025\\\/04\\\/textile_WEBSITE_1920x1080-scaled.jpg\",\"width\":2560,\"height\":1440},{\"@type\":\"BreadcrumbList\",\"@id\":\"https:\\\/\\\/msuv.org\\\/slucaj-niti-globalni-narativi-o-tekstilu-l-the-event-of-a-thread-global-narratives-in-textiles\\\/#breadcrumb\",\"itemListElement\":[{\"@type\":\"ListItem\",\"position\":1,\"name\":\"Home\",\"item\":\"https:\\\/\\\/msuv.org\\\/\"},{\"@type\":\"ListItem\",\"position\":2,\"name\":\"Slu\u010daj niti. Globalni narativi o tekstilu l The Event of a Thread: Global Narratives in Textiles\"}]},{\"@type\":\"WebSite\",\"@id\":\"https:\\\/\\\/msuv.org\\\/#website\",\"url\":\"https:\\\/\\\/msuv.org\\\/\",\"name\":\"Muzej savremene umetnosti Vojvodine\",\"description\":\"\",\"publisher\":{\"@id\":\"https:\\\/\\\/msuv.org\\\/#organization\"},\"potentialAction\":[{\"@type\":\"SearchAction\",\"target\":{\"@type\":\"EntryPoint\",\"urlTemplate\":\"https:\\\/\\\/msuv.org\\\/?s={search_term_string}\"},\"query-input\":{\"@type\":\"PropertyValueSpecification\",\"valueRequired\":true,\"valueName\":\"search_term_string\"}}],\"inLanguage\":\"en-US\"},{\"@type\":\"Organization\",\"@id\":\"https:\\\/\\\/msuv.org\\\/#organization\",\"name\":\"Muzej savremene umetnosti Vojvodine\",\"url\":\"https:\\\/\\\/msuv.org\\\/\",\"logo\":{\"@type\":\"ImageObject\",\"inLanguage\":\"en-US\",\"@id\":\"https:\\\/\\\/msuv.org\\\/#\\\/schema\\\/logo\\\/image\\\/\",\"url\":\"https:\\\/\\\/msuv.org\\\/wp-content\\\/uploads\\\/2023\\\/11\\\/srpski-logo.png\",\"contentUrl\":\"https:\\\/\\\/msuv.org\\\/wp-content\\\/uploads\\\/2023\\\/11\\\/srpski-logo.png\",\"width\":872,\"height\":117,\"caption\":\"Muzej savremene umetnosti Vojvodine\"},\"image\":{\"@id\":\"https:\\\/\\\/msuv.org\\\/#\\\/schema\\\/logo\\\/image\\\/\"}},{\"@type\":\"Person\",\"@id\":\"https:\\\/\\\/msuv.org\\\/#\\\/schema\\\/person\\\/dc0040e5a91777865ee32d8e23108ff1\",\"name\":\"PR\",\"image\":{\"@type\":\"ImageObject\",\"inLanguage\":\"en-US\",\"@id\":\"https:\\\/\\\/secure.gravatar.com\\\/avatar\\\/09bc7ce461a53c8581c2b174cd8d592dcf3c8d935e7f8c25b810edb55ff497e7?s=96&d=mm&r=g\",\"url\":\"https:\\\/\\\/secure.gravatar.com\\\/avatar\\\/09bc7ce461a53c8581c2b174cd8d592dcf3c8d935e7f8c25b810edb55ff497e7?s=96&d=mm&r=g\",\"contentUrl\":\"https:\\\/\\\/secure.gravatar.com\\\/avatar\\\/09bc7ce461a53c8581c2b174cd8d592dcf3c8d935e7f8c25b810edb55ff497e7?s=96&d=mm&r=g\",\"caption\":\"PR\"},\"url\":\"https:\\\/\\\/msuv.org\\\/en\\\/author\\\/pr\\\/\"}]}<\/script>\n<!-- \/ Yoast SEO plugin. -->","yoast_head_json":{"title":"Slu\u010daj niti. Globalni narativi o tekstilu l The Event of a Thread: Global Narratives in Textiles - Muzej savremene umetnosti Vojvodine","robots":{"index":"index","follow":"follow","max-snippet":"max-snippet:-1","max-image-preview":"max-image-preview:large","max-video-preview":"max-video-preview:-1"},"canonical":"https:\/\/msuv.org\/en\/slucaj-niti-globalni-narativi-o-tekstilu-l-the-event-of-a-thread-global-narratives-in-textiles\/","og_locale":"en_US","og_type":"article","og_title":"Slu\u010daj niti. Globalni narativi o tekstilu l The Event of a Thread: Global Narratives in Textiles - Muzej savremene umetnosti Vojvodine","og_description":"Internacionalna izlo\u017eba \u201eSlu\u010daj niti. Globalni narativi o tekstilu\u201d u organizaciji Instituta za odnose sa inostranstvom ifa - Institut f\u00fcr Auslandsbeziehungen iz \u0160tutgarta, Muzeja savremene umetnosti Vojvodine iz Novog Sada i Goethe-Instituta u Beogradu, postavlja tekstil kao sredi\u0161nju temu istra\u017eivanja.","og_url":"https:\/\/msuv.org\/en\/slucaj-niti-globalni-narativi-o-tekstilu-l-the-event-of-a-thread-global-narratives-in-textiles\/","og_site_name":"Muzej savremene umetnosti Vojvodine","article_published_time":"2025-03-24T09:23:39+00:00","article_modified_time":"2025-06-03T10:59:30+00:00","og_image":[{"width":2560,"height":1440,"url":"https:\/\/msuv.org\/wp-content\/uploads\/2025\/04\/textile_WEBSITE_1920x1080-scaled.jpg","type":"image\/jpeg"}],"author":"PR","twitter_card":"summary_large_image","twitter_misc":{"Written by":"PR","Est. reading time":"3 minutes"},"schema":{"@context":"https:\/\/schema.org","@graph":[{"@type":"Article","@id":"https:\/\/msuv.org\/slucaj-niti-globalni-narativi-o-tekstilu-l-the-event-of-a-thread-global-narratives-in-textiles\/#article","isPartOf":{"@id":"https:\/\/msuv.org\/slucaj-niti-globalni-narativi-o-tekstilu-l-the-event-of-a-thread-global-narratives-in-textiles\/"},"author":{"name":"PR","@id":"https:\/\/msuv.org\/#\/schema\/person\/dc0040e5a91777865ee32d8e23108ff1"},"headline":"Slu\u010daj niti. Globalni narativi o tekstilu l The Event of a Thread: Global Narratives in Textiles","datePublished":"2025-03-24T09:23:39+00:00","dateModified":"2025-06-03T10:59:30+00:00","mainEntityOfPage":{"@id":"https:\/\/msuv.org\/slucaj-niti-globalni-narativi-o-tekstilu-l-the-event-of-a-thread-global-narratives-in-textiles\/"},"wordCount":644,"publisher":{"@id":"https:\/\/msuv.org\/#organization"},"image":{"@id":"https:\/\/msuv.org\/slucaj-niti-globalni-narativi-o-tekstilu-l-the-event-of-a-thread-global-narratives-in-textiles\/#primaryimage"},"thumbnailUrl":"https:\/\/msuv.org\/wp-content\/uploads\/2025\/04\/textile_WEBSITE_1920x1080-scaled.jpg","articleSection":["Arhiva"],"inLanguage":"en-US"},{"@type":"WebPage","@id":"https:\/\/msuv.org\/slucaj-niti-globalni-narativi-o-tekstilu-l-the-event-of-a-thread-global-narratives-in-textiles\/","url":"https:\/\/msuv.org\/slucaj-niti-globalni-narativi-o-tekstilu-l-the-event-of-a-thread-global-narratives-in-textiles\/","name":"Slu\u010daj niti. Globalni narativi o tekstilu l The Event of a Thread: Global Narratives in Textiles - Muzej savremene umetnosti Vojvodine","isPartOf":{"@id":"https:\/\/msuv.org\/#website"},"primaryImageOfPage":{"@id":"https:\/\/msuv.org\/slucaj-niti-globalni-narativi-o-tekstilu-l-the-event-of-a-thread-global-narratives-in-textiles\/#primaryimage"},"image":{"@id":"https:\/\/msuv.org\/slucaj-niti-globalni-narativi-o-tekstilu-l-the-event-of-a-thread-global-narratives-in-textiles\/#primaryimage"},"thumbnailUrl":"https:\/\/msuv.org\/wp-content\/uploads\/2025\/04\/textile_WEBSITE_1920x1080-scaled.jpg","datePublished":"2025-03-24T09:23:39+00:00","dateModified":"2025-06-03T10:59:30+00:00","breadcrumb":{"@id":"https:\/\/msuv.org\/slucaj-niti-globalni-narativi-o-tekstilu-l-the-event-of-a-thread-global-narratives-in-textiles\/#breadcrumb"},"inLanguage":"en-US","potentialAction":[{"@type":"ReadAction","target":["https:\/\/msuv.org\/slucaj-niti-globalni-narativi-o-tekstilu-l-the-event-of-a-thread-global-narratives-in-textiles\/"]}]},{"@type":"ImageObject","inLanguage":"en-US","@id":"https:\/\/msuv.org\/slucaj-niti-globalni-narativi-o-tekstilu-l-the-event-of-a-thread-global-narratives-in-textiles\/#primaryimage","url":"https:\/\/msuv.org\/wp-content\/uploads\/2025\/04\/textile_WEBSITE_1920x1080-scaled.jpg","contentUrl":"https:\/\/msuv.org\/wp-content\/uploads\/2025\/04\/textile_WEBSITE_1920x1080-scaled.jpg","width":2560,"height":1440},{"@type":"BreadcrumbList","@id":"https:\/\/msuv.org\/slucaj-niti-globalni-narativi-o-tekstilu-l-the-event-of-a-thread-global-narratives-in-textiles\/#breadcrumb","itemListElement":[{"@type":"ListItem","position":1,"name":"Home","item":"https:\/\/msuv.org\/"},{"@type":"ListItem","position":2,"name":"Slu\u010daj niti. Globalni narativi o tekstilu l The Event of a Thread: Global Narratives in Textiles"}]},{"@type":"WebSite","@id":"https:\/\/msuv.org\/#website","url":"https:\/\/msuv.org\/","name":"Muzej savremene umetnosti Vojvodine","description":"","publisher":{"@id":"https:\/\/msuv.org\/#organization"},"potentialAction":[{"@type":"SearchAction","target":{"@type":"EntryPoint","urlTemplate":"https:\/\/msuv.org\/?s={search_term_string}"},"query-input":{"@type":"PropertyValueSpecification","valueRequired":true,"valueName":"search_term_string"}}],"inLanguage":"en-US"},{"@type":"Organization","@id":"https:\/\/msuv.org\/#organization","name":"Muzej savremene umetnosti Vojvodine","url":"https:\/\/msuv.org\/","logo":{"@type":"ImageObject","inLanguage":"en-US","@id":"https:\/\/msuv.org\/#\/schema\/logo\/image\/","url":"https:\/\/msuv.org\/wp-content\/uploads\/2023\/11\/srpski-logo.png","contentUrl":"https:\/\/msuv.org\/wp-content\/uploads\/2023\/11\/srpski-logo.png","width":872,"height":117,"caption":"Muzej savremene umetnosti Vojvodine"},"image":{"@id":"https:\/\/msuv.org\/#\/schema\/logo\/image\/"}},{"@type":"Person","@id":"https:\/\/msuv.org\/#\/schema\/person\/dc0040e5a91777865ee32d8e23108ff1","name":"PR","image":{"@type":"ImageObject","inLanguage":"en-US","@id":"https:\/\/secure.gravatar.com\/avatar\/09bc7ce461a53c8581c2b174cd8d592dcf3c8d935e7f8c25b810edb55ff497e7?s=96&d=mm&r=g","url":"https:\/\/secure.gravatar.com\/avatar\/09bc7ce461a53c8581c2b174cd8d592dcf3c8d935e7f8c25b810edb55ff497e7?s=96&d=mm&r=g","contentUrl":"https:\/\/secure.gravatar.com\/avatar\/09bc7ce461a53c8581c2b174cd8d592dcf3c8d935e7f8c25b810edb55ff497e7?s=96&d=mm&r=g","caption":"PR"},"url":"https:\/\/msuv.org\/en\/author\/pr\/"}]}},"_links":{"self":[{"href":"https:\/\/msuv.org\/en\/wp-json\/wp\/v2\/posts\/7392","targetHints":{"allow":["GET"]}}],"collection":[{"href":"https:\/\/msuv.org\/en\/wp-json\/wp\/v2\/posts"}],"about":[{"href":"https:\/\/msuv.org\/en\/wp-json\/wp\/v2\/types\/post"}],"author":[{"embeddable":true,"href":"https:\/\/msuv.org\/en\/wp-json\/wp\/v2\/users\/11"}],"replies":[{"embeddable":true,"href":"https:\/\/msuv.org\/en\/wp-json\/wp\/v2\/comments?post=7392"}],"version-history":[{"count":34,"href":"https:\/\/msuv.org\/en\/wp-json\/wp\/v2\/posts\/7392\/revisions"}],"predecessor-version":[{"id":7965,"href":"https:\/\/msuv.org\/en\/wp-json\/wp\/v2\/posts\/7392\/revisions\/7965"}],"wp:featuredmedia":[{"embeddable":true,"href":"https:\/\/msuv.org\/en\/wp-json\/wp\/v2\/media\/7787"}],"wp:attachment":[{"href":"https:\/\/msuv.org\/en\/wp-json\/wp\/v2\/media?parent=7392"}],"wp:term":[{"taxonomy":"category","embeddable":true,"href":"https:\/\/msuv.org\/en\/wp-json\/wp\/v2\/categories?post=7392"},{"taxonomy":"post_tag","embeddable":true,"href":"https:\/\/msuv.org\/en\/wp-json\/wp\/v2\/tags?post=7392"}],"curies":[{"name":"wp","href":"https:\/\/api.w.org\/{rel}","templated":true}]}}