{"id":7024,"date":"2024-10-23T11:54:28","date_gmt":"2024-10-23T11:54:28","guid":{"rendered":"https:\/\/msuv.org\/?p=7024"},"modified":"2024-10-31T16:04:55","modified_gmt":"2024-10-31T16:04:55","slug":"rec-ima-slobodan-sijan","status":"publish","type":"post","link":"https:\/\/msuv.org\/en\/rec-ima-slobodan-sijan\/","title":{"rendered":"Re\u010d ima Slobodan \u0160ijan\u2026"},"content":{"rendered":"<div data-elementor-type=\"wp-post\" data-elementor-id=\"7024\" class=\"elementor elementor-7024\" data-elementor-post-type=\"post\">\n\t\t\t\t<div class=\"elementor-element elementor-element-53423866 e-con-full e-flex e-con e-parent\" data-id=\"53423866\" data-element_type=\"container\" data-e-type=\"container\">\n\t\t<div class=\"elementor-element elementor-element-1a0c0328 e-con-full e-flex e-con e-child\" data-id=\"1a0c0328\" data-element_type=\"container\" data-e-type=\"container\">\n\t\t\t\t<div class=\"elementor-element elementor-element-2a7962c elementor-widget elementor-widget-text-editor\" data-id=\"2a7962c\" data-element_type=\"widget\" data-e-type=\"widget\" data-widget_type=\"text-editor.default\">\n\t\t\t\t<div class=\"elementor-widget-container\">\n\t\t\t\t\t\t\t\t\t<p>Datum Odr\u017eavanja<\/p>\t\t\t\t\t\t\t\t<\/div>\n\t\t\t\t<\/div>\n\t\t\t\t<div class=\"elementor-element elementor-element-1d657141 elementor-widget elementor-widget-heading\" data-id=\"1d657141\" data-element_type=\"widget\" data-e-type=\"widget\" data-widget_type=\"heading.default\">\n\t\t\t\t<div class=\"elementor-widget-container\">\n\t\t\t\t\t<h2 class=\"elementor-heading-title elementor-size-default\">30<\/h2>\t\t\t\t<\/div>\n\t\t\t\t<\/div>\n\t\t\t\t<div class=\"elementor-element elementor-element-bb890e0 elementor-widget elementor-widget-text-editor\" data-id=\"bb890e0\" data-element_type=\"widget\" data-e-type=\"widget\" data-widget_type=\"text-editor.default\">\n\t\t\t\t<div class=\"elementor-widget-container\">\n\t\t\t\t\t\t\t\t\t<p>Oktobar<br \/>Sreda, 2024. u 19h<\/p>\t\t\t\t\t\t\t\t<\/div>\n\t\t\t\t<\/div>\n\t\t\t\t<\/div>\n\t\t<div class=\"elementor-element elementor-element-6f11062d e-con-full e-flex e-con e-child\" data-id=\"6f11062d\" data-element_type=\"container\" data-e-type=\"container\">\n\t\t\t\t<div class=\"elementor-element elementor-element-73f57429 elementor-widget elementor-widget-heading\" data-id=\"73f57429\" data-element_type=\"widget\" data-e-type=\"widget\" data-widget_type=\"heading.default\">\n\t\t\t\t<div class=\"elementor-widget-container\">\n\t\t\t\t\t<h2 class=\"elementor-heading-title elementor-size-default\">Re\u010d ima Slobodan \u0160ijan\u2026<\/h2>\t\t\t\t<\/div>\n\t\t\t\t<\/div>\n\t\t\t\t<div class=\"elementor-element elementor-element-4a4f16f5 elementor-widget elementor-widget-text-editor\" data-id=\"4a4f16f5\" data-element_type=\"widget\" data-e-type=\"widget\" data-widget_type=\"text-editor.default\">\n\t\t\t\t<div class=\"elementor-widget-container\">\n\t\t\t\t\t\t\t\t\t<div class=\"et_pb_module et_pb_text et_pb_text_2 et_pb_text_align_left et_pb_bg_layout_light\"><div class=\"et_pb_text_inner\"><div class=\"et_pb_module et_pb_text et_pb_text_2 et_pb_text_align_left et_pb_bg_layout_light\"><div class=\"et_pb_text_inner\"><p>Museum of Contemporary Art Vojvodina, Dunavska 37, Novi Sad<\/p><p><strong>Exhibition date:\u00a0<\/strong>Sreda, 30. oktobar 2024. u 18 h<\/p><p><strong>Mesto odr\u017eavanja:<\/strong>\u00a0Kino sala Muzeja savremene umetnosti Vojvodine<\/p><\/div><\/div><\/div><\/div>\t\t\t\t\t\t\t\t<\/div>\n\t\t\t\t<\/div>\n\t\t\t\t<\/div>\n\t\t\t\t<\/div>\n\t\t<div class=\"elementor-element elementor-element-2f24a189 e-con-full e-flex e-con e-parent\" data-id=\"2f24a189\" data-element_type=\"container\" data-e-type=\"container\">\n\t\t<div class=\"elementor-element elementor-element-154d4639 e-con-full e-flex e-con e-child\" data-id=\"154d4639\" data-element_type=\"container\" data-e-type=\"container\">\n\t\t\t\t<div class=\"elementor-element elementor-element-7c5b5c00 elementor-widget elementor-widget-text-editor\" data-id=\"7c5b5c00\" data-element_type=\"widget\" data-e-type=\"widget\" data-widget_type=\"text-editor.default\">\n\t\t\t\t<div class=\"elementor-widget-container\">\n\t\t\t\t\t\t\t\t\t<p>U sredu, 30. oktobra s po\u010detkom u 18 \u010dasova u Muzeju savremene umetnosti Vojvodine uz specijalnu projekciju\u00a0 eksperimentalnog filma \u201eJutro u ru\u017ei\u010dastom\u201c iz 1971. godine (trajanje: 18 minuta) koji je odnedavno deo kolekcije MSUV, bi\u0107e odr\u017ean razgovor s filmski rediteljem, scenaristom, piscem i vizuelnim umetnikom Slobodanom \u0160ijanom.<\/p>\t\t\t\t\t\t\t\t<\/div>\n\t\t\t\t<\/div>\n\t\t\t\t<\/div>\n\t\t<div class=\"elementor-element elementor-element-77da4a8f e-con-full e-flex e-con e-child\" data-id=\"77da4a8f\" data-element_type=\"container\" data-e-type=\"container\">\n\t\t\t\t<div class=\"elementor-element elementor-element-4332544a elementor-widget__width-inherit elementor-widget elementor-widget-image\" data-id=\"4332544a\" data-element_type=\"widget\" data-e-type=\"widget\" data-widget_type=\"image.default\">\n\t\t\t\t<div class=\"elementor-widget-container\">\n\t\t\t\t\t\t\t\t\t\t\t\t\t\t\t<img fetchpriority=\"high\" decoding=\"async\" width=\"853\" height=\"1280\" src=\"https:\/\/msuv.org\/wp-content\/uploads\/2024\/10\/Foto-Gaja-DOLMARK.jpeg\" class=\"attachment-full size-full wp-image-7022\" alt=\"\" srcset=\"https:\/\/msuv.org\/wp-content\/uploads\/2024\/10\/Foto-Gaja-DOLMARK.jpeg 853w, https:\/\/msuv.org\/wp-content\/uploads\/2024\/10\/Foto-Gaja-DOLMARK-200x300.jpeg 200w, https:\/\/msuv.org\/wp-content\/uploads\/2024\/10\/Foto-Gaja-DOLMARK-682x1024.jpeg 682w, https:\/\/msuv.org\/wp-content\/uploads\/2024\/10\/Foto-Gaja-DOLMARK-768x1152.jpeg 768w, https:\/\/msuv.org\/wp-content\/uploads\/2024\/10\/Foto-Gaja-DOLMARK-8x12.jpeg 8w\" sizes=\"(max-width: 853px) 100vw, 853px\" \/>\t\t\t\t\t\t\t\t\t\t\t\t\t\t\t<\/div>\n\t\t\t\t<\/div>\n\t\t\t\t<div class=\"elementor-element elementor-element-2be086b4 elementor-widget elementor-widget-text-editor\" data-id=\"2be086b4\" data-element_type=\"widget\" data-e-type=\"widget\" data-widget_type=\"text-editor.default\">\n\t\t\t\t<div class=\"elementor-widget-container\">\n\t\t\t\t\t\t\t\t\t<p>Portret Slobodana \u0160ijana, Foto Gaja Dolmark<\/p>\t\t\t\t\t\t\t\t<\/div>\n\t\t\t\t<\/div>\n\t\t\t\t<\/div>\n\t\t\t\t<\/div>\n\t\t<div class=\"elementor-element elementor-element-5b6bb820 e-con-full e-flex e-con e-parent\" data-id=\"5b6bb820\" data-element_type=\"container\" data-e-type=\"container\">\n\t\t<div class=\"elementor-element elementor-element-1eda23 e-con-full e-flex e-con e-child\" data-id=\"1eda23\" data-element_type=\"container\" data-e-type=\"container\">\n\t\t\t\t<div class=\"elementor-element elementor-element-4172dcd0 elementor-widget elementor-widget-text-editor\" data-id=\"4172dcd0\" data-element_type=\"widget\" data-e-type=\"widget\" data-widget_type=\"text-editor.default\">\n\t\t\t\t<div class=\"elementor-widget-container\">\n\t\t\t\t\t\t\t\t\t<p>\u0160iroj javnosti \u0160ijan je svakako najpoznatiji po svojim igranim filmovima (\u201eKo to tamo peva\u201c, \u201eMaratonci tr\u010de po\u010dasni krug\u201c, \u201eDavitelj protiv davitelja\u201c, \u201eKako sam sistematski uni\u0161ten od idiota\u201c i drugim), ovom prilikom publika \u0107e imati prilike da se upozna i sa njegovim slikarstvom, vizuelnom umetno\u0161\u0107u te pedago\u0161kim i knji\u017eevnim radom. Tako\u0111e, bi\u0107e najavljen i njegov novi igrani film \u201eBudi Bog s nama\u201c, koji se trenutno nalazi u postupku monta\u017ee.<\/p><p>Razgovor se realizuje u okviru ciklusa \u201eSocijalna plastika: Umetnost koja menja dru\u0161tvo\u201c koji od maja 2019. u MSUV ure\u0111uje i vodi muzejski savetnik Neboj\u0161a Milenkovi\u0107.<\/p>\t\t\t\t\t\t\t\t<\/div>\n\t\t\t\t<\/div>\n\t\t\t\t<\/div>\n\t\t\t\t<\/div>\n\t\t<div class=\"elementor-element elementor-element-38b376d4 e-con-full e-flex e-con e-parent\" data-id=\"38b376d4\" data-element_type=\"container\" data-e-type=\"container\">\n\t\t\t\t<div class=\"elementor-element elementor-element-701679f6 elementor-widget elementor-widget-gallery\" data-id=\"701679f6\" data-element_type=\"widget\" data-e-type=\"widget\" data-settings=\"{&quot;overlay_title&quot;:&quot;caption&quot;,&quot;overlay_description&quot;:&quot;title&quot;,&quot;columns_tablet&quot;:4,&quot;gallery_layout&quot;:&quot;masonry&quot;,&quot;columns&quot;:3,&quot;lazyload&quot;:&quot;yes&quot;,&quot;columns_mobile&quot;:1,&quot;gap&quot;:{&quot;unit&quot;:&quot;px&quot;,&quot;size&quot;:10,&quot;sizes&quot;:[]},&quot;gap_widescreen&quot;:{&quot;unit&quot;:&quot;px&quot;,&quot;size&quot;:&quot;&quot;,&quot;sizes&quot;:[]},&quot;gap_laptop&quot;:{&quot;unit&quot;:&quot;px&quot;,&quot;size&quot;:10,&quot;sizes&quot;:[]},&quot;gap_tablet&quot;:{&quot;unit&quot;:&quot;px&quot;,&quot;size&quot;:10,&quot;sizes&quot;:[]},&quot;gap_mobile&quot;:{&quot;unit&quot;:&quot;px&quot;,&quot;size&quot;:10,&quot;sizes&quot;:[]},&quot;link_to&quot;:&quot;file&quot;,&quot;overlay_background&quot;:&quot;yes&quot;,&quot;content_hover_animation&quot;:&quot;fade-in&quot;}\" data-widget_type=\"gallery.default\">\n\t\t\t\t<div class=\"elementor-widget-container\">\n\t\t\t\t\t\t\t<div class=\"elementor-gallery__container\">\n\t\t\t\t\t\t\t<a class=\"e-gallery-item elementor-gallery-item elementor-animated-content\" href=\"https:\/\/msuv.org\/wp-content\/uploads\/2024\/10\/image4.jpg\" data-elementor-open-lightbox=\"yes\" data-elementor-lightbox-slideshow=\"701679f6\" data-elementor-lightbox-title=\"Slobodan \u0160ijan Veliki oltar, 1969\" data-e-action-hash=\"#elementor-action%3Aaction%3Dlightbox%26settings%3DeyJpZCI6NzAyMCwidXJsIjoiaHR0cHM6XC9cL21zdXYub3JnXC93cC1jb250ZW50XC91cGxvYWRzXC8yMDI0XC8xMFwvaW1hZ2U0LmpwZyIsInNsaWRlc2hvdyI6IjcwMTY3OWY2In0%3D\">\n\t\t\t\t\t<div class=\"e-gallery-image elementor-gallery-item__image\" data-thumbnail=\"https:\/\/msuv.org\/wp-content\/uploads\/2024\/10\/image4-300x253.jpg\" data-width=\"300\" data-height=\"253\" aria-label=\"veliki-oltar-sijan\" role=\"img\" ><\/div>\n\t\t\t\t\t\t\t\t\t\t\t<div class=\"elementor-gallery-item__overlay\"><\/div>\n\t\t\t\t\t\t\t\t\t\t\t\t\t\t\t<div class=\"elementor-gallery-item__content\">\n\t\t\t\t\t\t\t\t\t\t\t\t\t\t<div class=\"elementor-gallery-item__description\">\n\t\t\t\t\t\t\t\t\t\t\t\t\t\t\t\t\t\tSlobodan \u0160ijan Veliki oltar, 1969\t\t\t\t\t\t\t\t<\/div>\n\t\t\t\t\t\t\t\t\t\t\t\t<\/div>\n\t\t\t\t\t\t\t\t\t<\/a>\n\t\t\t\t\t\t\t<a class=\"e-gallery-item elementor-gallery-item elementor-animated-content\" href=\"https:\/\/msuv.org\/wp-content\/uploads\/2024\/10\/image3.jpg\" data-elementor-open-lightbox=\"yes\" data-elementor-lightbox-slideshow=\"701679f6\" data-elementor-lightbox-title=\"Slobodan \u0160ijan Mesto pod suncem 1973\" data-e-action-hash=\"#elementor-action%3Aaction%3Dlightbox%26settings%3DeyJpZCI6NzAxOSwidXJsIjoiaHR0cHM6XC9cL21zdXYub3JnXC93cC1jb250ZW50XC91cGxvYWRzXC8yMDI0XC8xMFwvaW1hZ2UzLmpwZyIsInNsaWRlc2hvdyI6IjcwMTY3OWY2In0%3D\">\n\t\t\t\t\t<div class=\"e-gallery-image elementor-gallery-item__image\" data-thumbnail=\"https:\/\/msuv.org\/wp-content\/uploads\/2024\/10\/image3-267x300.jpg\" data-width=\"267\" data-height=\"300\" aria-label=\"\" role=\"img\" ><\/div>\n\t\t\t\t\t\t\t\t\t\t\t<div class=\"elementor-gallery-item__overlay\"><\/div>\n\t\t\t\t\t\t\t\t\t\t\t\t\t\t\t<div class=\"elementor-gallery-item__content\">\n\t\t\t\t\t\t\t\t\t\t\t\t\t\t<div class=\"elementor-gallery-item__description\">\n\t\t\t\t\t\t\t\t\t\t\t\t\t\t\t\t\t\tSlobodan \u0160ijan Mesto pod suncem 1973\t\t\t\t\t\t\t\t<\/div>\n\t\t\t\t\t\t\t\t\t\t\t\t<\/div>\n\t\t\t\t\t\t\t\t\t<\/a>\n\t\t\t\t\t\t\t<a class=\"e-gallery-item elementor-gallery-item elementor-animated-content\" href=\"https:\/\/msuv.org\/wp-content\/uploads\/2024\/10\/image5-e1729684925999.jpg\" data-elementor-open-lightbox=\"yes\" data-elementor-lightbox-slideshow=\"701679f6\" data-elementor-lightbox-title=\"Snimanje filma &quot;Ko to tamo peva&quot;, Foto Rodoljub Jovanovi\u0107\" data-e-action-hash=\"#elementor-action%3Aaction%3Dlightbox%26settings%3DeyJpZCI6NzAyMSwidXJsIjoiaHR0cHM6XC9cL21zdXYub3JnXC93cC1jb250ZW50XC91cGxvYWRzXC8yMDI0XC8xMFwvaW1hZ2U1LWUxNzI5Njg0OTI1OTk5LmpwZyIsInNsaWRlc2hvdyI6IjcwMTY3OWY2In0%3D\">\n\t\t\t\t\t<div class=\"e-gallery-image elementor-gallery-item__image\" data-thumbnail=\"https:\/\/msuv.org\/wp-content\/uploads\/2024\/10\/image5-300x196.jpg\" data-width=\"300\" data-height=\"196\" aria-label=\"\" role=\"img\" ><\/div>\n\t\t\t\t\t\t\t\t\t\t\t<div class=\"elementor-gallery-item__overlay\"><\/div>\n\t\t\t\t\t\t\t\t\t\t\t\t\t\t\t<div class=\"elementor-gallery-item__content\">\n\t\t\t\t\t\t\t\t\t\t\t\t\t\t<div class=\"elementor-gallery-item__description\">\n\t\t\t\t\t\t\t\t\t\t\t\t\t\t\t\t\t\tSnimanje filma \"Ko to tamo peva\", Foto Rodoljub Jovanovi\u0107\t\t\t\t\t\t\t\t<\/div>\n\t\t\t\t\t\t\t\t\t\t\t\t<\/div>\n\t\t\t\t\t\t\t\t\t<\/a>\n\t\t\t\t\t\t\t<a class=\"e-gallery-item elementor-gallery-item elementor-animated-content\" href=\"https:\/\/msuv.org\/wp-content\/uploads\/2024\/10\/Maratonci-foto-Velisav-Tomovic.jpg\" data-elementor-open-lightbox=\"yes\" data-elementor-lightbox-slideshow=\"701679f6\" data-elementor-lightbox-title=\"Snimanje filma &quot;Maratonci tr\u010de po\u010dasni krug&quot;, Foto Velisav Tomovi\u0107\" data-e-action-hash=\"#elementor-action%3Aaction%3Dlightbox%26settings%3DeyJpZCI6NzAyMywidXJsIjoiaHR0cHM6XC9cL21zdXYub3JnXC93cC1jb250ZW50XC91cGxvYWRzXC8yMDI0XC8xMFwvTWFyYXRvbmNpLWZvdG8tVmVsaXNhdi1Ub21vdmljLmpwZyIsInNsaWRlc2hvdyI6IjcwMTY3OWY2In0%3D\">\n\t\t\t\t\t<div class=\"e-gallery-image elementor-gallery-item__image\" data-thumbnail=\"https:\/\/msuv.org\/wp-content\/uploads\/2024\/10\/Maratonci-foto-Velisav-Tomovic-300x169.jpg\" data-width=\"300\" data-height=\"169\" aria-label=\"\" role=\"img\" ><\/div>\n\t\t\t\t\t\t\t\t\t\t\t<div class=\"elementor-gallery-item__overlay\"><\/div>\n\t\t\t\t\t\t\t\t\t\t\t\t\t\t\t<div class=\"elementor-gallery-item__content\">\n\t\t\t\t\t\t\t\t\t\t\t\t\t\t<div class=\"elementor-gallery-item__description\">\n\t\t\t\t\t\t\t\t\t\t\t\t\t\t\t\t\t\tSnimanje filma \"Maratonci tr\u010de po\u010dasni krug\", Foto Velisav Tomovi\u0107\t\t\t\t\t\t\t\t<\/div>\n\t\t\t\t\t\t\t\t\t\t\t\t<\/div>\n\t\t\t\t\t\t\t\t\t<\/a>\n\t\t\t\t\t\t\t<a class=\"e-gallery-item elementor-gallery-item elementor-animated-content\" href=\"https:\/\/msuv.org\/wp-content\/uploads\/2024\/10\/image6.jpg\" data-elementor-open-lightbox=\"yes\" data-elementor-lightbox-slideshow=\"701679f6\" data-elementor-lightbox-title=\"Snimanje filma &quot;Maratonci tr\u010de po\u010dasni krug&quot;\" data-e-action-hash=\"#elementor-action%3Aaction%3Dlightbox%26settings%3DeyJpZCI6NzAxNiwidXJsIjoiaHR0cHM6XC9cL21zdXYub3JnXC93cC1jb250ZW50XC91cGxvYWRzXC8yMDI0XC8xMFwvaW1hZ2U2LmpwZyIsInNsaWRlc2hvdyI6IjcwMTY3OWY2In0%3D\">\n\t\t\t\t\t<div class=\"e-gallery-image elementor-gallery-item__image\" data-thumbnail=\"https:\/\/msuv.org\/wp-content\/uploads\/2024\/10\/image6-300x200.jpg\" data-width=\"300\" data-height=\"200\" aria-label=\"\" role=\"img\" ><\/div>\n\t\t\t\t\t\t\t\t\t\t\t<div class=\"elementor-gallery-item__overlay\"><\/div>\n\t\t\t\t\t\t\t\t\t\t\t\t\t\t\t<div class=\"elementor-gallery-item__content\">\n\t\t\t\t\t\t\t\t\t\t\t\t\t\t<div class=\"elementor-gallery-item__description\">\n\t\t\t\t\t\t\t\t\t\t\t\t\t\t\t\t\t\tSnimanje filma \"Maratonci tr\u010de po\u010dasni krug\"\t\t\t\t\t\t\t\t<\/div>\n\t\t\t\t\t\t\t\t\t\t\t\t<\/div>\n\t\t\t\t\t\t\t\t\t<\/a>\n\t\t\t\t\t<\/div>\n\t\t\t\t\t<\/div>\n\t\t\t\t<\/div>\n\t\t\t\t<\/div>\n\t\t<div class=\"elementor-element elementor-element-6e800efe e-con-full e-flex e-con e-parent\" data-id=\"6e800efe\" data-element_type=\"container\" data-e-type=\"container\">\n\t\t\t\t<div class=\"elementor-element elementor-element-4c4bdd00 elementor-widget__width-initial elementor-widget elementor-widget-text-editor\" data-id=\"4c4bdd00\" data-element_type=\"widget\" data-e-type=\"widget\" data-widget_type=\"text-editor.default\">\n\t\t\t\t<div class=\"elementor-widget-container\">\n\t\t\t\t\t\t\t\t\t<p><i>Vizuelni umetnik? Slikar? Eksperimentator? Istra\u017eiva\u010d? Teoreti\u010dar umetnosti i filma? Scenarista? Pisac? Izdava\u010d?\u00a0<\/i><\/p><p><i>Da li je on neko ko pukotine i zjapove umetni\u010dkog sistema koristi kao vlastiti manevarski prostor (polje) za delovanje i simultano umetni\u010dko kretanje u vi\u0161e paralelnih, razli\u010ditih pravaca \u2013 ili, mogu\u0107e, upravo metaumetnik koji navedene nedoslednosti premo\u0161\u0107uje i miri?\u00a0<\/i><\/p><p><i>Slobodan \u0160ijan nije toliko zainteresovan za filmske \u017eanrove koliko za sam film kao \u017eanr \u2013 film kao autonomno umetni\u010dko i autorsko delo, film koji se svakom gledaocu obra\u0107a kao individui. Posmatraju\u0107i i do\u017eivljavaju\u0107i umetnost kao jezi\u010dku igru u kojoj nema unapred datih pravila, u svemu \u0161to radi \u0160ijan se pridr\u017eava poznate teze kako biti umetnik zna\u010di stalno preispitivati, relativizovati i dovoditi pod sumnju \u2013 kako vlastitu tako i umetnost uop\u0161te. \u201c<\/i><\/p><p><b>Neboj\u0161a Milenkovi\u0107<\/b>, Izvodi iz monografskog teksta za katalog \u201cSlobodan \u0160ijan: Mora\u0107u da skrenem!\u201d, MSUV, Novi Sad, 2012.<\/p>\t\t\t\t\t\t\t\t<\/div>\n\t\t\t\t<\/div>\n\t\t\t\t<div class=\"elementor-element elementor-element-3e26ef85 elementor-widget elementor-widget-text-editor\" data-id=\"3e26ef85\" data-element_type=\"widget\" data-e-type=\"widget\" data-widget_type=\"text-editor.default\">\n\t\t\t\t<div class=\"elementor-widget-container\">\n\t\t\t\t\t\t\t\t\t<p><i>&#8220; Iako nam se, usled vanredne popularnosti njegovih dugometra\u017enih filmova, od kojih ve\u0107inu znamo napamet, bliskost sa njim \u010dini gotovo pa familijarnom mogu\u0107e da je niko od nas ne zna ko je, zapravo, Slobodan \u0160ijan \u2013 i da li taj (takav) \u010dovek uop\u0161te postoji? Filmski reditelj? &#8222;<br \/><\/i><\/p>\t\t\t\t\t\t\t\t<\/div>\n\t\t\t\t<\/div>\n\t\t\t\t<\/div>\n\t\t\t\t<\/div>","protected":false},"excerpt":{"rendered":"<p>Razgovor umetnika i kustosa o filmu, slikarstvu, knji\u017eevnosti i jo\u0161 svemu i sva\u010demu.<\/p>","protected":false},"author":1,"featured_media":7021,"comment_status":"closed","ping_status":"closed","sticky":false,"template":"","format":"standard","meta":{"footnotes":""},"categories":[15],"tags":[],"class_list":["post-7024","post","type-post","status-publish","format-standard","has-post-thumbnail","hentry","category-arhiva"],"yoast_head":"<!-- This site is optimized with the Yoast SEO plugin v27.4 - https:\/\/yoast.com\/product\/yoast-seo-wordpress\/ -->\n<title>Re\u010d ima Slobodan \u0160ijan\u2026 - Muzej savremene umetnosti Vojvodine<\/title>\n<meta name=\"robots\" content=\"index, follow, max-snippet:-1, max-image-preview:large, max-video-preview:-1\" \/>\n<link rel=\"canonical\" href=\"https:\/\/msuv.org\/en\/rec-ima-slobodan-sijan\/\" \/>\n<meta property=\"og:locale\" content=\"en_US\" \/>\n<meta property=\"og:type\" content=\"article\" \/>\n<meta property=\"og:title\" content=\"Re\u010d ima Slobodan \u0160ijan\u2026 - Muzej savremene umetnosti Vojvodine\" \/>\n<meta property=\"og:description\" content=\"Razgovor umetnika i kustosa o filmu, slikarstvu, knji\u017eevnosti i jo\u0161 svemu i sva\u010demu.\" \/>\n<meta property=\"og:url\" content=\"https:\/\/msuv.org\/en\/rec-ima-slobodan-sijan\/\" \/>\n<meta property=\"og:site_name\" content=\"Muzej savremene umetnosti Vojvodine\" \/>\n<meta property=\"article:published_time\" content=\"2024-10-23T11:54:28+00:00\" \/>\n<meta property=\"article:modified_time\" content=\"2024-10-31T16:04:55+00:00\" \/>\n<meta property=\"og:image\" content=\"https:\/\/msuv.org\/wp-content\/uploads\/2024\/10\/image5-e1729684925999.jpg\" \/>\n\t<meta property=\"og:image:width\" content=\"1763\" \/>\n\t<meta property=\"og:image:height\" content=\"1150\" \/>\n\t<meta property=\"og:image:type\" content=\"image\/jpeg\" \/>\n<meta name=\"author\" content=\"MSUV\" \/>\n<meta name=\"twitter:card\" content=\"summary_large_image\" \/>\n<meta name=\"twitter:label1\" content=\"Written by\" \/>\n\t<meta name=\"twitter:data1\" content=\"MSUV\" \/>\n\t<meta name=\"twitter:label2\" content=\"Est. reading time\" \/>\n\t<meta name=\"twitter:data2\" content=\"2 minutes\" \/>\n<script type=\"application\/ld+json\" class=\"yoast-schema-graph\">{\"@context\":\"https:\\\/\\\/schema.org\",\"@graph\":[{\"@type\":\"Article\",\"@id\":\"https:\\\/\\\/msuv.org\\\/rec-ima-slobodan-sijan\\\/#article\",\"isPartOf\":{\"@id\":\"https:\\\/\\\/msuv.org\\\/rec-ima-slobodan-sijan\\\/\"},\"author\":{\"name\":\"MSUV\",\"@id\":\"https:\\\/\\\/msuv.org\\\/#\\\/schema\\\/person\\\/2c2da672e4955874cc57c1b579c9f782\"},\"headline\":\"Re\u010d ima Slobodan \u0160ijan\u2026\",\"datePublished\":\"2024-10-23T11:54:28+00:00\",\"dateModified\":\"2024-10-31T16:04:55+00:00\",\"mainEntityOfPage\":{\"@id\":\"https:\\\/\\\/msuv.org\\\/rec-ima-slobodan-sijan\\\/\"},\"wordCount\":433,\"publisher\":{\"@id\":\"https:\\\/\\\/msuv.org\\\/#organization\"},\"image\":{\"@id\":\"https:\\\/\\\/msuv.org\\\/rec-ima-slobodan-sijan\\\/#primaryimage\"},\"thumbnailUrl\":\"https:\\\/\\\/msuv.org\\\/wp-content\\\/uploads\\\/2024\\\/10\\\/image5-e1729684925999.jpg\",\"articleSection\":[\"Arhiva\"],\"inLanguage\":\"en-US\"},{\"@type\":\"WebPage\",\"@id\":\"https:\\\/\\\/msuv.org\\\/rec-ima-slobodan-sijan\\\/\",\"url\":\"https:\\\/\\\/msuv.org\\\/rec-ima-slobodan-sijan\\\/\",\"name\":\"Re\u010d ima Slobodan \u0160ijan\u2026 - Muzej savremene umetnosti Vojvodine\",\"isPartOf\":{\"@id\":\"https:\\\/\\\/msuv.org\\\/#website\"},\"primaryImageOfPage\":{\"@id\":\"https:\\\/\\\/msuv.org\\\/rec-ima-slobodan-sijan\\\/#primaryimage\"},\"image\":{\"@id\":\"https:\\\/\\\/msuv.org\\\/rec-ima-slobodan-sijan\\\/#primaryimage\"},\"thumbnailUrl\":\"https:\\\/\\\/msuv.org\\\/wp-content\\\/uploads\\\/2024\\\/10\\\/image5-e1729684925999.jpg\",\"datePublished\":\"2024-10-23T11:54:28+00:00\",\"dateModified\":\"2024-10-31T16:04:55+00:00\",\"breadcrumb\":{\"@id\":\"https:\\\/\\\/msuv.org\\\/rec-ima-slobodan-sijan\\\/#breadcrumb\"},\"inLanguage\":\"en-US\",\"potentialAction\":[{\"@type\":\"ReadAction\",\"target\":[\"https:\\\/\\\/msuv.org\\\/rec-ima-slobodan-sijan\\\/\"]}]},{\"@type\":\"ImageObject\",\"inLanguage\":\"en-US\",\"@id\":\"https:\\\/\\\/msuv.org\\\/rec-ima-slobodan-sijan\\\/#primaryimage\",\"url\":\"https:\\\/\\\/msuv.org\\\/wp-content\\\/uploads\\\/2024\\\/10\\\/image5-e1729684925999.jpg\",\"contentUrl\":\"https:\\\/\\\/msuv.org\\\/wp-content\\\/uploads\\\/2024\\\/10\\\/image5-e1729684925999.jpg\",\"width\":1763,\"height\":1150},{\"@type\":\"BreadcrumbList\",\"@id\":\"https:\\\/\\\/msuv.org\\\/rec-ima-slobodan-sijan\\\/#breadcrumb\",\"itemListElement\":[{\"@type\":\"ListItem\",\"position\":1,\"name\":\"Home\",\"item\":\"https:\\\/\\\/msuv.org\\\/\"},{\"@type\":\"ListItem\",\"position\":2,\"name\":\"Re\u010d ima Slobodan \u0160ijan\u2026\"}]},{\"@type\":\"WebSite\",\"@id\":\"https:\\\/\\\/msuv.org\\\/#website\",\"url\":\"https:\\\/\\\/msuv.org\\\/\",\"name\":\"Muzej savremene umetnosti Vojvodine\",\"description\":\"\",\"publisher\":{\"@id\":\"https:\\\/\\\/msuv.org\\\/#organization\"},\"potentialAction\":[{\"@type\":\"SearchAction\",\"target\":{\"@type\":\"EntryPoint\",\"urlTemplate\":\"https:\\\/\\\/msuv.org\\\/?s={search_term_string}\"},\"query-input\":{\"@type\":\"PropertyValueSpecification\",\"valueRequired\":true,\"valueName\":\"search_term_string\"}}],\"inLanguage\":\"en-US\"},{\"@type\":\"Organization\",\"@id\":\"https:\\\/\\\/msuv.org\\\/#organization\",\"name\":\"Muzej savremene umetnosti Vojvodine\",\"url\":\"https:\\\/\\\/msuv.org\\\/\",\"logo\":{\"@type\":\"ImageObject\",\"inLanguage\":\"en-US\",\"@id\":\"https:\\\/\\\/msuv.org\\\/#\\\/schema\\\/logo\\\/image\\\/\",\"url\":\"https:\\\/\\\/msuv.org\\\/wp-content\\\/uploads\\\/2023\\\/11\\\/srpski-logo.png\",\"contentUrl\":\"https:\\\/\\\/msuv.org\\\/wp-content\\\/uploads\\\/2023\\\/11\\\/srpski-logo.png\",\"width\":872,\"height\":117,\"caption\":\"Muzej savremene umetnosti Vojvodine\"},\"image\":{\"@id\":\"https:\\\/\\\/msuv.org\\\/#\\\/schema\\\/logo\\\/image\\\/\"}},{\"@type\":\"Person\",\"@id\":\"https:\\\/\\\/msuv.org\\\/#\\\/schema\\\/person\\\/2c2da672e4955874cc57c1b579c9f782\",\"name\":\"MSUV\",\"image\":{\"@type\":\"ImageObject\",\"inLanguage\":\"en-US\",\"@id\":\"https:\\\/\\\/secure.gravatar.com\\\/avatar\\\/b80fd49c6020df1d88f4507f7a42310b08bfbe27d9b55780238fafade8a48bdf?s=96&d=mm&r=g\",\"url\":\"https:\\\/\\\/secure.gravatar.com\\\/avatar\\\/b80fd49c6020df1d88f4507f7a42310b08bfbe27d9b55780238fafade8a48bdf?s=96&d=mm&r=g\",\"contentUrl\":\"https:\\\/\\\/secure.gravatar.com\\\/avatar\\\/b80fd49c6020df1d88f4507f7a42310b08bfbe27d9b55780238fafade8a48bdf?s=96&d=mm&r=g\",\"caption\":\"MSUV\"},\"sameAs\":[\"https:\\\/\\\/msuv.org\"],\"url\":\"https:\\\/\\\/msuv.org\\\/en\\\/author\\\/admin_apnm2w38\\\/\"}]}<\/script>\n<!-- \/ Yoast SEO plugin. -->","yoast_head_json":{"title":"Re\u010d ima Slobodan \u0160ijan\u2026 - Muzej savremene umetnosti Vojvodine","robots":{"index":"index","follow":"follow","max-snippet":"max-snippet:-1","max-image-preview":"max-image-preview:large","max-video-preview":"max-video-preview:-1"},"canonical":"https:\/\/msuv.org\/en\/rec-ima-slobodan-sijan\/","og_locale":"en_US","og_type":"article","og_title":"Re\u010d ima Slobodan \u0160ijan\u2026 - Muzej savremene umetnosti Vojvodine","og_description":"Razgovor umetnika i kustosa o filmu, slikarstvu, knji\u017eevnosti i jo\u0161 svemu i sva\u010demu.","og_url":"https:\/\/msuv.org\/en\/rec-ima-slobodan-sijan\/","og_site_name":"Muzej savremene umetnosti Vojvodine","article_published_time":"2024-10-23T11:54:28+00:00","article_modified_time":"2024-10-31T16:04:55+00:00","og_image":[{"width":1763,"height":1150,"url":"https:\/\/msuv.org\/wp-content\/uploads\/2024\/10\/image5-e1729684925999.jpg","type":"image\/jpeg"}],"author":"MSUV","twitter_card":"summary_large_image","twitter_misc":{"Written by":"MSUV","Est. reading time":"2 minutes"},"schema":{"@context":"https:\/\/schema.org","@graph":[{"@type":"Article","@id":"https:\/\/msuv.org\/rec-ima-slobodan-sijan\/#article","isPartOf":{"@id":"https:\/\/msuv.org\/rec-ima-slobodan-sijan\/"},"author":{"name":"MSUV","@id":"https:\/\/msuv.org\/#\/schema\/person\/2c2da672e4955874cc57c1b579c9f782"},"headline":"Re\u010d ima Slobodan \u0160ijan\u2026","datePublished":"2024-10-23T11:54:28+00:00","dateModified":"2024-10-31T16:04:55+00:00","mainEntityOfPage":{"@id":"https:\/\/msuv.org\/rec-ima-slobodan-sijan\/"},"wordCount":433,"publisher":{"@id":"https:\/\/msuv.org\/#organization"},"image":{"@id":"https:\/\/msuv.org\/rec-ima-slobodan-sijan\/#primaryimage"},"thumbnailUrl":"https:\/\/msuv.org\/wp-content\/uploads\/2024\/10\/image5-e1729684925999.jpg","articleSection":["Arhiva"],"inLanguage":"en-US"},{"@type":"WebPage","@id":"https:\/\/msuv.org\/rec-ima-slobodan-sijan\/","url":"https:\/\/msuv.org\/rec-ima-slobodan-sijan\/","name":"Re\u010d ima Slobodan \u0160ijan\u2026 - Muzej savremene umetnosti Vojvodine","isPartOf":{"@id":"https:\/\/msuv.org\/#website"},"primaryImageOfPage":{"@id":"https:\/\/msuv.org\/rec-ima-slobodan-sijan\/#primaryimage"},"image":{"@id":"https:\/\/msuv.org\/rec-ima-slobodan-sijan\/#primaryimage"},"thumbnailUrl":"https:\/\/msuv.org\/wp-content\/uploads\/2024\/10\/image5-e1729684925999.jpg","datePublished":"2024-10-23T11:54:28+00:00","dateModified":"2024-10-31T16:04:55+00:00","breadcrumb":{"@id":"https:\/\/msuv.org\/rec-ima-slobodan-sijan\/#breadcrumb"},"inLanguage":"en-US","potentialAction":[{"@type":"ReadAction","target":["https:\/\/msuv.org\/rec-ima-slobodan-sijan\/"]}]},{"@type":"ImageObject","inLanguage":"en-US","@id":"https:\/\/msuv.org\/rec-ima-slobodan-sijan\/#primaryimage","url":"https:\/\/msuv.org\/wp-content\/uploads\/2024\/10\/image5-e1729684925999.jpg","contentUrl":"https:\/\/msuv.org\/wp-content\/uploads\/2024\/10\/image5-e1729684925999.jpg","width":1763,"height":1150},{"@type":"BreadcrumbList","@id":"https:\/\/msuv.org\/rec-ima-slobodan-sijan\/#breadcrumb","itemListElement":[{"@type":"ListItem","position":1,"name":"Home","item":"https:\/\/msuv.org\/"},{"@type":"ListItem","position":2,"name":"Re\u010d ima Slobodan \u0160ijan\u2026"}]},{"@type":"WebSite","@id":"https:\/\/msuv.org\/#website","url":"https:\/\/msuv.org\/","name":"Muzej savremene umetnosti Vojvodine","description":"","publisher":{"@id":"https:\/\/msuv.org\/#organization"},"potentialAction":[{"@type":"SearchAction","target":{"@type":"EntryPoint","urlTemplate":"https:\/\/msuv.org\/?s={search_term_string}"},"query-input":{"@type":"PropertyValueSpecification","valueRequired":true,"valueName":"search_term_string"}}],"inLanguage":"en-US"},{"@type":"Organization","@id":"https:\/\/msuv.org\/#organization","name":"Muzej savremene umetnosti Vojvodine","url":"https:\/\/msuv.org\/","logo":{"@type":"ImageObject","inLanguage":"en-US","@id":"https:\/\/msuv.org\/#\/schema\/logo\/image\/","url":"https:\/\/msuv.org\/wp-content\/uploads\/2023\/11\/srpski-logo.png","contentUrl":"https:\/\/msuv.org\/wp-content\/uploads\/2023\/11\/srpski-logo.png","width":872,"height":117,"caption":"Muzej savremene umetnosti Vojvodine"},"image":{"@id":"https:\/\/msuv.org\/#\/schema\/logo\/image\/"}},{"@type":"Person","@id":"https:\/\/msuv.org\/#\/schema\/person\/2c2da672e4955874cc57c1b579c9f782","name":"MSUV","image":{"@type":"ImageObject","inLanguage":"en-US","@id":"https:\/\/secure.gravatar.com\/avatar\/b80fd49c6020df1d88f4507f7a42310b08bfbe27d9b55780238fafade8a48bdf?s=96&d=mm&r=g","url":"https:\/\/secure.gravatar.com\/avatar\/b80fd49c6020df1d88f4507f7a42310b08bfbe27d9b55780238fafade8a48bdf?s=96&d=mm&r=g","contentUrl":"https:\/\/secure.gravatar.com\/avatar\/b80fd49c6020df1d88f4507f7a42310b08bfbe27d9b55780238fafade8a48bdf?s=96&d=mm&r=g","caption":"MSUV"},"sameAs":["https:\/\/msuv.org"],"url":"https:\/\/msuv.org\/en\/author\/admin_apnm2w38\/"}]}},"_links":{"self":[{"href":"https:\/\/msuv.org\/en\/wp-json\/wp\/v2\/posts\/7024","targetHints":{"allow":["GET"]}}],"collection":[{"href":"https:\/\/msuv.org\/en\/wp-json\/wp\/v2\/posts"}],"about":[{"href":"https:\/\/msuv.org\/en\/wp-json\/wp\/v2\/types\/post"}],"author":[{"embeddable":true,"href":"https:\/\/msuv.org\/en\/wp-json\/wp\/v2\/users\/1"}],"replies":[{"embeddable":true,"href":"https:\/\/msuv.org\/en\/wp-json\/wp\/v2\/comments?post=7024"}],"version-history":[{"count":21,"href":"https:\/\/msuv.org\/en\/wp-json\/wp\/v2\/posts\/7024\/revisions"}],"predecessor-version":[{"id":7046,"href":"https:\/\/msuv.org\/en\/wp-json\/wp\/v2\/posts\/7024\/revisions\/7046"}],"wp:featuredmedia":[{"embeddable":true,"href":"https:\/\/msuv.org\/en\/wp-json\/wp\/v2\/media\/7021"}],"wp:attachment":[{"href":"https:\/\/msuv.org\/en\/wp-json\/wp\/v2\/media?parent=7024"}],"wp:term":[{"taxonomy":"category","embeddable":true,"href":"https:\/\/msuv.org\/en\/wp-json\/wp\/v2\/categories?post=7024"},{"taxonomy":"post_tag","embeddable":true,"href":"https:\/\/msuv.org\/en\/wp-json\/wp\/v2\/tags?post=7024"}],"curies":[{"name":"wp","href":"https:\/\/api.w.org\/{rel}","templated":true}]}}